{"id":99215,"date":"2026-03-05T09:00:27","date_gmt":"2026-03-05T12:00:27","guid":{"rendered":"https:\/\/www.radioamigavallenar.cl\/?p=99215"},"modified":"2026-03-05T11:30:03","modified_gmt":"2026-03-05T14:30:03","slug":"carabineros-refuerza-prevencion-en-sectores-rurales-de-vallenar-y-aborda-el-delito-de-abigeato","status":"publish","type":"post","link":"https:\/\/www.radioamigavallenar.cl\/?p=99215","title":{"rendered":"Carabineros refuerza prevenci\u00f3n en sectores rurales de Vallenar y aborda el delito de abigeato"},"content":{"rendered":"<p>Con el objetivo de fortalecer las acciones preventivas en sectores apartados de la comuna, personal de la Oficina de Integraci\u00f3n Comunitaria (MICC) de la 3\u00aa Comisar\u00eda de Carabineros de Vallenar realiz\u00f3 una serie de visitas a localidades rurales, sosteniendo encuentros con dirigentes vecinales y vecinos del territorio.<\/p>\n<p>Los funcionarios policiales llegaron hasta los sectores de Agua Amarga, Pozo Seco y Vizcachitas, donde se reunieron con representantes de las respectivas juntas de vecinos, generando instancias de di\u00e1logo directo para conocer inquietudes en materia de seguridad y coordinar acciones conjuntas de prevenci\u00f3n.<\/p>\n<p>En la oportunidad, Carabineros tambi\u00e9n difundi\u00f3 recomendaciones de autocuidado orientadas a prevenir el delito de abigeato, una problem\u00e1tica que afecta principalmente a zonas rurales y que dice relaci\u00f3n con el robo de animales. Entre las principales medidas entregadas se encuentran la importancia de mantener corrales y cercos en buen estado, denunciar oportunamente situaciones sospechosas y reforzar la comunicaci\u00f3n entre vecinos y con la polic\u00eda.<\/p>\n<p>Desde la unidad policial reiteraron el llamado a la comunidad rural a denunciar cualquier hecho delictual, recordando que la prevenci\u00f3n es una tarea compartida que requiere del compromiso activo de vecinos y autoridades para resguardar la seguridad en el territorio.<\/p>\n","protected":false},"excerpt":{"rendered":"<p>Con el objetivo de fortalecer las acciones preventivas en sectores apartados de la comuna, personal de la Oficina de Integraci\u00f3n Comunitaria (MICC) de la 3\u00aa&hellip; <\/p>\n","protected":false},"author":7,"featured_media":99216,"comment_status":"closed","ping_status":"closed","sticky":false,"template":"","format":"standard","meta":{"footnotes":""},"categories":[7],"tags":[],"class_list":["post-99215","post","type-post","status-publish","format-standard","has-post-thumbnail","hentry","category-atacama"],"_links":{"self":[{"href":"https:\/\/www.radioamigavallenar.cl\/index.php?rest_route=\/wp\/v2\/posts\/99215","targetHints":{"allow":["GET"]}}],"collection":[{"href":"https:\/\/www.radioamigavallenar.cl\/index.php?rest_route=\/wp\/v2\/posts"}],"about":[{"href":"https:\/\/www.radioamigavallenar.cl\/index.php?rest_route=\/wp\/v2\/types\/post"}],"author":[{"embeddable":true,"href":"https:\/\/www.radioamigavallenar.cl\/index.php?rest_route=\/wp\/v2\/users\/7"}],"replies":[{"embeddable":true,"href":"https:\/\/www.radioamigavallenar.cl\/index.php?rest_route=%2Fwp%2Fv2%2Fcomments&post=99215"}],"version-history":[{"count":1,"href":"https:\/\/www.radioamigavallenar.cl\/index.php?rest_route=\/wp\/v2\/posts\/99215\/revisions"}],"predecessor-version":[{"id":99217,"href":"https:\/\/www.radioamigavallenar.cl\/index.php?rest_route=\/wp\/v2\/posts\/99215\/revisions\/99217"}],"wp:featuredmedia":[{"embeddable":true,"href":"https:\/\/www.radioamigavallenar.cl\/index.php?rest_route=\/wp\/v2\/media\/99216"}],"wp:attachment":[{"href":"https:\/\/www.radioamigavallenar.cl\/index.php?rest_route=%2Fwp%2Fv2%2Fmedia&parent=99215"}],"wp:term":[{"taxonomy":"category","embeddable":true,"href":"https:\/\/www.radioamigavallenar.cl\/index.php?rest_route=%2Fwp%2Fv2%2Fcategories&post=99215"},{"taxonomy":"post_tag","embeddable":true,"href":"https:\/\/www.radioamigavallenar.cl\/index.php?rest_route=%2Fwp%2Fv2%2Ftags&post=99215"}],"curies":[{"name":"wp","href":"https:\/\/api.w.org\/{rel}","templated":true}]}}