{"id":99212,"date":"2026-03-05T09:03:56","date_gmt":"2026-03-05T12:03:56","guid":{"rendered":"https:\/\/www.radioamigavallenar.cl\/?p=99212"},"modified":"2026-03-05T11:30:17","modified_gmt":"2026-03-05T14:30:17","slug":"incautan-220-kilos-de-huiro-negro-extraido-ilegalmente-en-planta-de-vallenar","status":"publish","type":"post","link":"https:\/\/www.radioamigavallenar.cl\/?p=99212","title":{"rendered":"Incautan 220 kilos de huiro negro extra\u00eddo ilegalmente en planta de Vallenar"},"content":{"rendered":"<p>El Servicio Nacional de Pesca y Acuicultura detect\u00f3 el acopio de recursos con evidencias de extracci\u00f3n ilegal durante una fiscalizaci\u00f3n en la capital provincial.<\/p>\n<p>En el marco de labores de control en la Regi\u00f3n de Atacama, el Servicio Nacional de Pesca y Acuicultura (Sernapesca) realiz\u00f3 una fiscalizaci\u00f3n a una planta procesadora de algas pardas en la comuna de Vallenar, donde detect\u00f3 el acopio de 220 kilos de huiro negro en estado seco.<\/p>\n<p>Seg\u00fan inform\u00f3 el organismo, los recursos presentaban evidencias de haber sido extra\u00eddos mediante la t\u00e9cnica conocida como \u201cbarreteo\u201d, m\u00e9todo ilegal que consiste en desprender el alga desde su base, afectando su regeneraci\u00f3n natural y el equilibrio del ecosistema marino.<\/p>\n<p>Ante esta situaci\u00f3n, Sernapesca procedi\u00f3 a la incautaci\u00f3n del recurso y curs\u00f3 la correspondiente infracci\u00f3n a la planta, en conformidad a la normativa vigente que regula la extracci\u00f3n, transporte y procesamiento de recursos hidrobiol\u00f3gicos.<\/p>\n<p>Desde la instituci\u00f3n reiteraron que este tipo de fiscalizaciones busca proteger la sustentabilidad de los recursos marinos y combatir la extracci\u00f3n ilegal, pr\u00e1ctica que genera un impacto negativo tanto en el medio ambiente como en las actividades productivas que dependen de estos recursos en la regi\u00f3n.<\/p>\n","protected":false},"excerpt":{"rendered":"<p>El Servicio Nacional de Pesca y Acuicultura detect\u00f3 el acopio de recursos con evidencias de extracci\u00f3n ilegal durante una fiscalizaci\u00f3n en la capital provincial. En&hellip; <\/p>\n","protected":false},"author":7,"featured_media":99213,"comment_status":"closed","ping_status":"closed","sticky":false,"template":"","format":"standard","meta":{"footnotes":""},"categories":[7],"tags":[],"class_list":["post-99212","post","type-post","status-publish","format-standard","has-post-thumbnail","hentry","category-atacama"],"_links":{"self":[{"href":"https:\/\/www.radioamigavallenar.cl\/index.php?rest_route=\/wp\/v2\/posts\/99212","targetHints":{"allow":["GET"]}}],"collection":[{"href":"https:\/\/www.radioamigavallenar.cl\/index.php?rest_route=\/wp\/v2\/posts"}],"about":[{"href":"https:\/\/www.radioamigavallenar.cl\/index.php?rest_route=\/wp\/v2\/types\/post"}],"author":[{"embeddable":true,"href":"https:\/\/www.radioamigavallenar.cl\/index.php?rest_route=\/wp\/v2\/users\/7"}],"replies":[{"embeddable":true,"href":"https:\/\/www.radioamigavallenar.cl\/index.php?rest_route=%2Fwp%2Fv2%2Fcomments&post=99212"}],"version-history":[{"count":1,"href":"https:\/\/www.radioamigavallenar.cl\/index.php?rest_route=\/wp\/v2\/posts\/99212\/revisions"}],"predecessor-version":[{"id":99214,"href":"https:\/\/www.radioamigavallenar.cl\/index.php?rest_route=\/wp\/v2\/posts\/99212\/revisions\/99214"}],"wp:featuredmedia":[{"embeddable":true,"href":"https:\/\/www.radioamigavallenar.cl\/index.php?rest_route=\/wp\/v2\/media\/99213"}],"wp:attachment":[{"href":"https:\/\/www.radioamigavallenar.cl\/index.php?rest_route=%2Fwp%2Fv2%2Fmedia&parent=99212"}],"wp:term":[{"taxonomy":"category","embeddable":true,"href":"https:\/\/www.radioamigavallenar.cl\/index.php?rest_route=%2Fwp%2Fv2%2Fcategories&post=99212"},{"taxonomy":"post_tag","embeddable":true,"href":"https:\/\/www.radioamigavallenar.cl\/index.php?rest_route=%2Fwp%2Fv2%2Ftags&post=99212"}],"curies":[{"name":"wp","href":"https:\/\/api.w.org\/{rel}","templated":true}]}}