{"id":99209,"date":"2026-03-05T11:20:12","date_gmt":"2026-03-05T14:20:12","guid":{"rendered":"https:\/\/www.radioamigavallenar.cl\/?p=99209"},"modified":"2026-03-05T11:20:12","modified_gmt":"2026-03-05T14:20:12","slug":"mas-de-60-mil-estudiantes-inician-el-ano-escolar-en-atacama","status":"publish","type":"post","link":"https:\/\/www.radioamigavallenar.cl\/?p=99209","title":{"rendered":"M\u00e1s de 60 mil estudiantes inician el A\u00f1o Escolar en Atacama"},"content":{"rendered":"<p>Con una ceremonia realizada en el Liceo Bicentenario Mercedes Fritis Mackenney, de Copiap\u00f3, autoridades regionales, comunales y el director del establecimiento, Jimmy D\u00edaz Canto, dieron inicio oficial al A\u00f1o Escolar 2026 en la Regi\u00f3n de Atacama.<\/p>\n<div class=\"code-block code-block-3\">\n<div id=\"sas_99435\"><\/div>\n<\/div>\n<p>La actividad fue encabezada por el\u00a0<strong>Secretario Ministerial de Educaci\u00f3n de la regi\u00f3n de Atacama, Miguel Salamanca Manr\u00edquez<\/strong>, junto al Delegado Presidencial regional y la directora ejecutiva suplente del Servicio Local de Educaci\u00f3n P\u00fablica de Atacama, equipos directivos, docentes, estudiantes y apoderados.<\/p>\n<p>\u201cHoy iniciamos el a\u00f1o escolar con un sistema educativo que avanza hacia la mejora. A nivel pa\u00eds hemos logrado resultados hist\u00f3ricos en aprendizajes, reducci\u00f3n de la desvinculaci\u00f3n escolar y una inversi\u00f3n sin precedentes en infraestructura educativa. En Atacama estamos trabajando para consolidar estos avances con una gesti\u00f3n territorial que garantice estabilidad, inversi\u00f3n y mejores oportunidades para nuestros estudiantes\u201d, se\u00f1al\u00f3 el Seremi de Educaci\u00f3n.<\/p>\n<p style=\"text-align: center;\"><strong>Avances regionales<\/strong><\/p>\n<p>En la Regi\u00f3n de Atacama, el sistema educativo est\u00e1 compuesto por\u00a0<strong>281 establecimientos educacionales<\/strong>, con una matr\u00edcula que supera los\u00a0<strong>70.260 estudiantes<\/strong>, distribuidos entre establecimientos p\u00fablicos, particulares subvencionados y educaci\u00f3n parvularia.<\/p>\n<div class=\"code-block code-block-4\">\n<div id=\"sas_99072\"><\/div>\n<\/div>\n<p>Durante la ceremonia, la directora ejecutiva suplente del SLEP Atacama, Elisa Araya Cort\u00e9z, extendi\u00f3 su reconocimiento a estudiantes, familias, docentes, asistentes de la educaci\u00f3n, educadoras y equipos PIE, entre otros, subrayando que: \u201csomos todo el sistema en conjunto que entramos a clase y del cual nuestros estudiantes se tienen que sentir muy orgulloso. El SLEP Atacama los saluda y est\u00e1 a disposici\u00f3n de todas las comunidades para el mejor desarrollo del proceso educativo\u201d.<\/p>\n<p>Entre los principales avances se encuentra la\u00a0<strong>recuperaci\u00f3n progresiva de la asistencia escolar<\/strong>, que pas\u00f3 de\u00a0<strong>69,4% en 2023 a m\u00e1s de 83% en 2024 y 2025<\/strong>, junto con la reducci\u00f3n de la desvinculaci\u00f3n escolar.<\/p>\n<p>Al respecto, el Delegado Presidencial Regional, Rodrigo Illanes Naranjo, destac\u00f3 en general el retorno a clases en la regi\u00f3n, detallando que \u201cse incorporan pr\u00e1cticamente\u00a0m\u00e1s del 95% de los establecimientos educacionales ya en funcionamiento, con una jornada bastante normal, a lo que se suma la entrada en vigencia de nuestro sistema p\u00fablico de transporte 100% el\u00e9ctrico y la entrada diferida, tanto de las jornadas como los horarios, los que nos\u00a0permite un buen balance de este\u00a0<em>supermi\u00e9rcoles<\/em>\u201d.<\/p>\n<p style=\"text-align: center;\"><strong>Inversi\u00f3n en infraestructura y fortalecimiento del sistema<\/strong><\/p>\n<p>Uno de los ejes centrales del trabajo regional ha sido la mejora de las condiciones materiales de los establecimientos educacionales.<\/p>\n<p>En ese contexto, destaca:<\/p>\n<ul>\n<li>El\u00a0<strong>Convenio de Programaci\u00f3n entre el Gobierno Regional, la Direcci\u00f3n de Educaci\u00f3n P\u00fablica y los Servicios Locales<\/strong>, que permitir\u00e1 importantes inversiones en infraestructura educativa.<\/li>\n<li>La alianza entre el\u00a0<strong>Ministerio de Educaci\u00f3n y el Ministerio de Obras P\u00fablicas<\/strong>, que contempla una inversi\u00f3n superior a\u00a0<strong>72 mil millones de pesos para intervenir 14 establecimientos educacionales<\/strong>\u00a0en la regi\u00f3n.<\/li>\n<\/ul>\n<p>Estas iniciativas forman parte del\u00a0<strong>Plan Atacama<\/strong>, estrategia orientada a fortalecer la educaci\u00f3n p\u00fablica regional mediante inversi\u00f3n en infraestructura, apoyo pedag\u00f3gico y articulaci\u00f3n institucional.<\/p>\n<p style=\"text-align: center;\"><strong>Compromiso con la educaci\u00f3n p\u00fablica<\/strong><\/p>\n<p>Durante la ceremonia, las autoridades tambi\u00e9n participaron en la firma simb\u00f3lica de un\u00a0<strong>Compromiso por la Educaci\u00f3n P\u00fablica<\/strong>, reafirmando el trabajo conjunto entre Gobierno, servicios p\u00fablicos, comunidades educativas y autoridades territoriales.<\/p>\n<p>En la oportunidad, el alcalde de Copiap\u00f3, Maglio Cicardini Neyra, indic\u00f3 que \u201ceste no es solo el comienzo de las clases, es el inicio de una nueva oportunidad para nuestros estudiantes. Por ello, hemos trabajado intensamente para que nuestras ni\u00f1as y ni\u00f1os caminen tranquilos hacia sus escuelas, por calles m\u00e1s iluminadas, limpias y ordenadas gracias a la demarcaci\u00f3n vial, instalaci\u00f3n de se\u00f1al\u00e9ticas, podas de \u00e1rboles y apoyo con la Direcci\u00f3n de Seguridad Municipal\u201d.<\/p>\n<p>Finalmente, el Seremi de Educaci\u00f3n destac\u00f3 que el desaf\u00edo para este nuevo a\u00f1o escolar ser\u00e1 seguir fortaleciendo los aprendizajes, mejorar la asistencia y consolidar la educaci\u00f3n p\u00fablica como un pilar del desarrollo regional.<\/p>\n","protected":false},"excerpt":{"rendered":"<p>Con una ceremonia realizada en el Liceo Bicentenario Mercedes Fritis Mackenney, de Copiap\u00f3, autoridades regionales, comunales y el director del establecimiento, Jimmy D\u00edaz Canto, dieron&hellip; <\/p>\n","protected":false},"author":7,"featured_media":99210,"comment_status":"closed","ping_status":"closed","sticky":false,"template":"","format":"standard","meta":{"footnotes":""},"categories":[38],"tags":[],"class_list":["post-99209","post","type-post","status-publish","format-standard","has-post-thumbnail","hentry","category-portada-regional"],"_links":{"self":[{"href":"https:\/\/www.radioamigavallenar.cl\/index.php?rest_route=\/wp\/v2\/posts\/99209","targetHints":{"allow":["GET"]}}],"collection":[{"href":"https:\/\/www.radioamigavallenar.cl\/index.php?rest_route=\/wp\/v2\/posts"}],"about":[{"href":"https:\/\/www.radioamigavallenar.cl\/index.php?rest_route=\/wp\/v2\/types\/post"}],"author":[{"embeddable":true,"href":"https:\/\/www.radioamigavallenar.cl\/index.php?rest_route=\/wp\/v2\/users\/7"}],"replies":[{"embeddable":true,"href":"https:\/\/www.radioamigavallenar.cl\/index.php?rest_route=%2Fwp%2Fv2%2Fcomments&post=99209"}],"version-history":[{"count":1,"href":"https:\/\/www.radioamigavallenar.cl\/index.php?rest_route=\/wp\/v2\/posts\/99209\/revisions"}],"predecessor-version":[{"id":99211,"href":"https:\/\/www.radioamigavallenar.cl\/index.php?rest_route=\/wp\/v2\/posts\/99209\/revisions\/99211"}],"wp:featuredmedia":[{"embeddable":true,"href":"https:\/\/www.radioamigavallenar.cl\/index.php?rest_route=\/wp\/v2\/media\/99210"}],"wp:attachment":[{"href":"https:\/\/www.radioamigavallenar.cl\/index.php?rest_route=%2Fwp%2Fv2%2Fmedia&parent=99209"}],"wp:term":[{"taxonomy":"category","embeddable":true,"href":"https:\/\/www.radioamigavallenar.cl\/index.php?rest_route=%2Fwp%2Fv2%2Fcategories&post=99209"},{"taxonomy":"post_tag","embeddable":true,"href":"https:\/\/www.radioamigavallenar.cl\/index.php?rest_route=%2Fwp%2Fv2%2Ftags&post=99209"}],"curies":[{"name":"wp","href":"https:\/\/api.w.org\/{rel}","templated":true}]}}