{"id":99205,"date":"2026-03-05T11:00:13","date_gmt":"2026-03-05T14:00:13","guid":{"rendered":"https:\/\/www.radioamigavallenar.cl\/?p=99205"},"modified":"2026-03-05T11:09:39","modified_gmt":"2026-03-05T14:09:39","slug":"bancada-udi-se-restara-de-acto-de-proclamacion-del-tricel-por-polemica-en-distrito-17","status":"publish","type":"post","link":"https:\/\/www.radioamigavallenar.cl\/?p=99205","title":{"rendered":"Bancada UDI se restar\u00e1 de acto de proclamaci\u00f3n del Tricel por pol\u00e9mica en Distrito 17"},"content":{"rendered":"<p>En medio de la pol\u00e9mica por las elecciones del Distrito 17, la <strong>bancada UDI anunci\u00f3 que se restar\u00e1 del acto de proclamaci\u00f3n organizado por el Tricel<\/strong>\u00a0en dependencias del Congreso Nacional en Santiago.<\/p>\n<p>La controversia se origin\u00f3 en enero, cuando\u00a0<strong>el diputado Felipe Donoso (UDI) pidi\u00f3 una revisi\u00f3n de un conjunto de mesas debido a presuntas inconsistencias,<\/strong>\u00a0llevando incluso a una proclamaci\u00f3n por parte del partido.<\/p>\n<p>Sin embargo, tras la revisi\u00f3n,<strong>\u00a0el\u00a0Tricel volvi\u00f3 a dar como diputado electo al candidato del Partido de la Gente, Guillermo Vald\u00e9s<\/strong>, situaci\u00f3n que llev\u00f3 a que Franco Parisi -l\u00edder del partido-\u00a0denunciara amenazas por parte del gremialismo.<\/p>\n<p>Pese a esta definici\u00f3n, la UDI decidi\u00f3 presentar este lunes un \u00faltimo recurso para intentar revertir el resultado, aludiendo a un error de transcripci\u00f3n entre las actas y la sentencia de calificaci\u00f3n del Tricel, con\u00a0<strong>103 votos para Donoso que no habr\u00edan sido consignados.<\/strong><\/p>\n<p>El abogado\u00a0<strong>Arturo Fermandois<\/strong>\u00a0acus\u00f3 que durante todo el proceso se ha producido una<strong>\u00a0\u00absecuencia in\u00e9dita de anomal\u00edas\u00bb,<\/strong>\u00a0advirtiendo adem\u00e1s una serie de \u00abactuaciones judiciales\u00bb que, a su juicio, \u00abperjudican las bases de credibilidad electoral chilena\u00bb, por lo que finalmente solicit\u00f3 rectificar la sentencia de calificaci\u00f3n que realiz\u00f3 el Tricel y que \u00abse proclame a Felipe Donoso como uno de los diputados electos\u00bb.<\/p>\n<p>Como una se\u00f1al de apoyo a Donoso, los diputados<strong>\u00a0Jorge Alessandri y Flor Weisse no asistir\u00e1n al acto de este jueves,<\/strong>\u00a0manifestando que \u00abmientras existan dudas respecto de la correcta contabilizaci\u00f3n de los votos en el Distrito 17 y no sean aclaradas,\u00a0<strong>no podemos actuar como si nada hubiera ocurrido\u00bb.<\/strong><\/p>\n<p><strong>\u00abLo que est\u00e1 en juego en este caso no es s\u00f3lo un esca\u00f1o parlamentario, sino que la transparencia y la credibilidad de todo el sistema electoral chileno.<\/strong>\u00a0Cuando hay anomal\u00edas que son advertidas por una de las partes, pero no existe la voluntad de subsanarlas con la debida transparencia, lo que se pone en riesgo es la voluntad soberana de los electores. Por lo mismo, lo m\u00e1s prudente es que no asistamos a este acto de proclamaci\u00f3n mientras este caso no se resuelva como corresponde\u00bb, insistieron.<\/p>\n","protected":false},"excerpt":{"rendered":"<p>En medio de la pol\u00e9mica por las elecciones del Distrito 17, la bancada UDI anunci\u00f3 que se restar\u00e1 del acto de proclamaci\u00f3n organizado por el&hellip; <\/p>\n","protected":false},"author":7,"featured_media":99206,"comment_status":"closed","ping_status":"closed","sticky":false,"template":"","format":"standard","meta":{"footnotes":""},"categories":[37],"tags":[],"class_list":["post-99205","post","type-post","status-publish","format-standard","has-post-thumbnail","hentry","category-nacional"],"_links":{"self":[{"href":"https:\/\/www.radioamigavallenar.cl\/index.php?rest_route=\/wp\/v2\/posts\/99205","targetHints":{"allow":["GET"]}}],"collection":[{"href":"https:\/\/www.radioamigavallenar.cl\/index.php?rest_route=\/wp\/v2\/posts"}],"about":[{"href":"https:\/\/www.radioamigavallenar.cl\/index.php?rest_route=\/wp\/v2\/types\/post"}],"author":[{"embeddable":true,"href":"https:\/\/www.radioamigavallenar.cl\/index.php?rest_route=\/wp\/v2\/users\/7"}],"replies":[{"embeddable":true,"href":"https:\/\/www.radioamigavallenar.cl\/index.php?rest_route=%2Fwp%2Fv2%2Fcomments&post=99205"}],"version-history":[{"count":2,"href":"https:\/\/www.radioamigavallenar.cl\/index.php?rest_route=\/wp\/v2\/posts\/99205\/revisions"}],"predecessor-version":[{"id":99208,"href":"https:\/\/www.radioamigavallenar.cl\/index.php?rest_route=\/wp\/v2\/posts\/99205\/revisions\/99208"}],"wp:featuredmedia":[{"embeddable":true,"href":"https:\/\/www.radioamigavallenar.cl\/index.php?rest_route=\/wp\/v2\/media\/99206"}],"wp:attachment":[{"href":"https:\/\/www.radioamigavallenar.cl\/index.php?rest_route=%2Fwp%2Fv2%2Fmedia&parent=99205"}],"wp:term":[{"taxonomy":"category","embeddable":true,"href":"https:\/\/www.radioamigavallenar.cl\/index.php?rest_route=%2Fwp%2Fv2%2Fcategories&post=99205"},{"taxonomy":"post_tag","embeddable":true,"href":"https:\/\/www.radioamigavallenar.cl\/index.php?rest_route=%2Fwp%2Fv2%2Ftags&post=99205"}],"curies":[{"name":"wp","href":"https:\/\/api.w.org\/{rel}","templated":true}]}}