{"id":99202,"date":"2026-03-05T11:07:11","date_gmt":"2026-03-05T14:07:11","guid":{"rendered":"https:\/\/www.radioamigavallenar.cl\/?p=99202"},"modified":"2026-03-05T11:07:11","modified_gmt":"2026-03-05T14:07:11","slug":"gobierno-cita-su-ultimo-comite-de-ministros-en-materia-ambiental-dominga-vuelve-a-tensionar-el-debate","status":"publish","type":"post","link":"https:\/\/www.radioamigavallenar.cl\/?p=99202","title":{"rendered":"Gobierno cita su \u00faltimo Comit\u00e9 de Ministros en materia ambiental: Dominga vuelve a tensionar el debate"},"content":{"rendered":"<p>El Gobierno convoc\u00f3 para el lunes 9 de marzo, a las 16:00 horas, una sesi\u00f3n del Comit\u00e9 de Ministros del\u00a0<a href=\"https:\/\/www.sea.gob.cl\/comite-de-ministros\" target=\"_blank\" rel=\"noopener\">Sistema de Evaluaci\u00f3n de Impacto Ambiental (SEIA)<\/a>, a solo dos d\u00edas del t\u00e9rmino del mandato del presidente Gabriel Boric.<\/p>\n<p>La instancia de la m\u00e1xima autoridad administrativa del SEIA, que ser\u00e1 la \u00faltima de la actual administraci\u00f3n y ser\u00e1 presidida por la ministra del Medio Ambiente,\u00a0<strong>Maisa Rojas<\/strong>, revisar\u00e1 dos proyectos de inversi\u00f3n: el Edificio Makroceano, en la regi\u00f3n de Valpara\u00edso, y la Adecuaci\u00f3n Operacional de la Faena Minera Caserones, en Atacama.<\/p>\n<p>A pesar de que el\u00a0<strong>proyecto Dominga<\/strong>\u00a0no est\u00e1 en tabla, la discusi\u00f3n vuelve a instalarse.<\/p>\n<h2>Dominga y una \u00faltima sesi\u00f3n clave del Comit\u00e9 de Ministros ambiental<\/h2>\n<p>Recordemos que la empresa\u00a0<a href=\"https:\/\/www.andesiron.com\/\" target=\"_blank\" rel=\"noopener\">Andes Iron<\/a>\u00a0mantiene acciones legales para impugnar el rechazo del Comit\u00e9 de Ministros de enero de 2025, sosteniendo que se reabrieron materias ya evaluadas y que se incorporaron fundamentos que no formaban parte de las reclamaciones, vulnerando principios como congruencia y seguridad jur\u00eddica.<\/p>\n<p>En ese contexto, el gerente de Asuntos Corporativos y Desarrollo Sostenible de Andes Iron, Francisco Villal\u00f3n, afirm\u00f3 que no est\u00e1 en duda el \u201cm\u00e9rito t\u00e9cnico\u201d del proyecto y que recurrieron a tribunales buscando certeza jur\u00eddica, agregando que Dominga podr\u00eda generar crecimiento y m\u00e1s de 30 mil empleos.<\/p>\n<h2 style=\"text-align: center;\">Oficialismo y oposici\u00f3n vuelven a enfrentarse por futuro del proyecto minero<\/h2>\n<p>En el Congreso, el diputado UDI y presidente de la comisi\u00f3n de Miner\u00eda y Energ\u00eda\u00a0<strong>Marco Antonio Sulantay<\/strong>, sostuvo que el pr\u00f3ximo gobierno debe priorizar proyectos mineros listos para iniciar faena y que, si Dominga logra habilitaci\u00f3n jur\u00eddica, debiese avanzar \u201clo antes posible\u201d para recuperar credibilidad.<\/p>\n<p>En la vereda opuesta, la diputada PC\u00a0<strong>Nathalie Castillo<\/strong>\u00a0reiter\u00f3 su rechazo, advirtiendo riesgos para el Archipi\u00e9lago de Humboldt y acusando vicios y falta de legitimidad social.<\/p>\n<p>As\u00ed, mientras el Comit\u00e9 de Ministros se apresta a resolver Makroceano y Caserones en la \u00faltima semana del mandato, la disputa por Dominga queda instalada como uno de los conflictos ambientales y pol\u00edticos que heredar\u00e1 el pr\u00f3ximo gobierno.<\/p>\n<p>Esto, con la v\u00eda administrativa tensionada, la judicializaci\u00f3n en curso y un debate que divide al mundo pol\u00edtico entre certezas para la inversi\u00f3n y resguardo ambiental.<\/p>\n","protected":false},"excerpt":{"rendered":"<p>El Gobierno convoc\u00f3 para el lunes 9 de marzo, a las 16:00 horas, una sesi\u00f3n del Comit\u00e9 de Ministros del\u00a0Sistema de Evaluaci\u00f3n de Impacto Ambiental&hellip; <\/p>\n","protected":false},"author":7,"featured_media":99203,"comment_status":"closed","ping_status":"closed","sticky":false,"template":"","format":"standard","meta":{"footnotes":""},"categories":[37],"tags":[],"class_list":["post-99202","post","type-post","status-publish","format-standard","has-post-thumbnail","hentry","category-nacional"],"_links":{"self":[{"href":"https:\/\/www.radioamigavallenar.cl\/index.php?rest_route=\/wp\/v2\/posts\/99202","targetHints":{"allow":["GET"]}}],"collection":[{"href":"https:\/\/www.radioamigavallenar.cl\/index.php?rest_route=\/wp\/v2\/posts"}],"about":[{"href":"https:\/\/www.radioamigavallenar.cl\/index.php?rest_route=\/wp\/v2\/types\/post"}],"author":[{"embeddable":true,"href":"https:\/\/www.radioamigavallenar.cl\/index.php?rest_route=\/wp\/v2\/users\/7"}],"replies":[{"embeddable":true,"href":"https:\/\/www.radioamigavallenar.cl\/index.php?rest_route=%2Fwp%2Fv2%2Fcomments&post=99202"}],"version-history":[{"count":1,"href":"https:\/\/www.radioamigavallenar.cl\/index.php?rest_route=\/wp\/v2\/posts\/99202\/revisions"}],"predecessor-version":[{"id":99204,"href":"https:\/\/www.radioamigavallenar.cl\/index.php?rest_route=\/wp\/v2\/posts\/99202\/revisions\/99204"}],"wp:featuredmedia":[{"embeddable":true,"href":"https:\/\/www.radioamigavallenar.cl\/index.php?rest_route=\/wp\/v2\/media\/99203"}],"wp:attachment":[{"href":"https:\/\/www.radioamigavallenar.cl\/index.php?rest_route=%2Fwp%2Fv2%2Fmedia&parent=99202"}],"wp:term":[{"taxonomy":"category","embeddable":true,"href":"https:\/\/www.radioamigavallenar.cl\/index.php?rest_route=%2Fwp%2Fv2%2Fcategories&post=99202"},{"taxonomy":"post_tag","embeddable":true,"href":"https:\/\/www.radioamigavallenar.cl\/index.php?rest_route=%2Fwp%2Fv2%2Ftags&post=99202"}],"curies":[{"name":"wp","href":"https:\/\/api.w.org\/{rel}","templated":true}]}}