{"id":99199,"date":"2026-03-05T10:48:50","date_gmt":"2026-03-05T13:48:50","guid":{"rendered":"https:\/\/www.radioamigavallenar.cl\/?p=99199"},"modified":"2026-03-05T10:48:50","modified_gmt":"2026-03-05T13:48:50","slug":"presentan-a-evaluacion-ambiental-proyecto-de-parque-fotovoltaico-y-sistema-de-almacenamiento-por-440-mw-en-atacama","status":"publish","type":"post","link":"https:\/\/www.radioamigavallenar.cl\/?p=99199","title":{"rendered":"Presentan a evaluaci\u00f3n ambiental proyecto de parque fotovoltaico y sistema de almacenamiento por 440 MW en Atacama"},"content":{"rendered":"<p data-pm-slice=\"1 1 []\">El Servicio de Evaluaci\u00f3n Ambiental (SEA) inform\u00f3 que ingres\u00f3 a evaluaci\u00f3n la Declaraci\u00f3n de Impacto Ambiental (DIA) del proyecto denominado \u201cParque Fotovoltaico, de almacenamiento y l\u00ednea de transmisi\u00f3n Copao, Diego de Alma Delva Subestaci\u00f3n, transmisi\u00f3n y almacenamiento\u201d, iniciativa que contempla la construcci\u00f3n y operaci\u00f3n de un sistema de almacenamiento de energ\u00eda mediante bater\u00edas, junto con la infraestructura el\u00e9ctrica necesaria para su conexi\u00f3n al Sistema El\u00e9ctrico Nacional (SEN).<\/p>\n<p>El proyecto considera la implementaci\u00f3n de un sistema BESS (Battery Energy Storage System) con una potencia nominal instalada de 440 MW y una capacidad de almacenamiento de 2.640 MWh, lo que permitir\u00e1 suministrar energ\u00eda durante aproximadamente seis horas en el punto de conexi\u00f3n, con una capacidad m\u00e1xima de inyecci\u00f3n de 400 MW.<\/p>\n<p>La iniciativa incorpora adem\u00e1s la construcci\u00f3n de una subestaci\u00f3n el\u00e9ctrica que elevar\u00e1 la tensi\u00f3n desde 33 kV a 500 kV, y una L\u00ednea de Alta Tensi\u00f3n (LAT) de 2 x 500 kV, contemplando el tendido del primer circuito en una extensi\u00f3n aproximada de 5,4 kil\u00f3metros. Esta l\u00ednea permitir\u00e1 la conexi\u00f3n con la subestaci\u00f3n existente del SEN denominada Subestaci\u00f3n Nueva Maitencillo.<\/p>\n<p>El proyecto se emplazar\u00e1 en la Regi\u00f3n de Atacama, espec\u00edficamente en la provincia de Huasco, abarcando territorios de las comunas de Vallenar y Freirina.<\/p>\n<p>Para conocimiento de la comunidad, los antecedentes de la Declaraci\u00f3n de Impacto Ambiental se encuentran disponibles en el sitio web del Servicio de Evaluaci\u00f3n Ambiental (<a class=\"qbe-widget\" href=\"http:\/\/www.sea.gob.cl\/\" target=\"_blank\" rel=\"noopener noreferrer\"><strong>www.sea.gob.cl<\/strong><\/a>).<\/p>\n<p>De acuerdo con la normativa vigente, si el proyecto genera cargas ambientales para las comunidades cercanas, se podr\u00e1 abrir un proceso de participaci\u00f3n ciudadana, siempre que lo soliciten al menos dos organizaciones ciudadanas con personalidad jur\u00eddica, a trav\u00e9s de sus representantes, o un m\u00ednimo de diez personas naturales directamente afectadas.<\/p>\n<p>Las solicitudes deber\u00e1n presentarse por escrito hasta el 14 de abril de 2026 ante la oficina del SEA en la Regi\u00f3n de Atacama, ubicada en calle Yerbas Buenas N.\u00b0295, Copiap\u00f3, o a trav\u00e9s de la Oficina de Partes Virtual disponible en\u00a0<a class=\"qbe-widget\" href=\"http:\/\/opv.sea.gob.cl\/\" target=\"_blank\" rel=\"noopener noreferrer\"><strong>opv.sea.gob.cl<\/strong><\/a><a class=\"x1i10hfl xjbqb8w x1ejq31n x18oe1m7 x1sy0etr xstzfhl x972fbf x10w94by x1qhh985 x14e42zd x9f619 x1ypdohk xt0psk2 x3ct3a4 xdj266r x14z9mp xat24cr x1lziwak xexx8yu xyri2b x18d9i69 x1c1uobl x16tdsg8 x1hl2dhg xggy1nq x1a2a7pz xkrqix3 x1sur9pj x1fey0fg x1s688f qbe-widget\" href=\"https:\/\/l.facebook.com\/l.php?u=http%3A%2F%2Fopv.sea.gob.cl%2F%3Ffbclid%3DIwZXh0bgNhZW0CMTAAYnJpZBExNTVWVXdLT1ROVzZzZHdURnNydGMGYXBwX2lkEDIyMjAzOTE3ODgyMDA4OTIAAR6wWMtdTkbKwyQESSXVba14wa7doffg9tjURHee6QsQyBFARC4yiJqoKDDMtA_aem_JEEfcCnamuv325uqGp6dyQ&amp;h=AT4-xOFhbh07_rr2F0ca6qRpVx_CMlUOjj-jlhTFmZuYa5nRue9wtW51TjuDX_aPwupYu1xaSAeTuI39euOq0CQdXFoBmLkf2VCIs5M8VMwfFN8AL3HMzivKGtXm0fEjV0Xf33kzTnNBYzYE&amp;__tn__=-UK-R&amp;c[0]=AT6FgjqPhmwkgtQOzPY75e-8AbAfsHGaxFOzkDHoS_z3YVNowcsaZRVuRRc_zQoer9ErTB51Z42A1wkM4DV8B9SEZPxG7-PbmP48rISzriTEWPMOCiYyLwm6cSakXyb-bxWk65GpIzYGd_DQxKK2oNqo6EHe0ZnTTNpexTtj0sYoU7weHYfIIPifxK3V2Muv6mg7Doyz-j8ok5gjsN5uiCNWlQ\" target=\"_blank\" rel=\"nofollow noopener noreferrer\"><strong>.<\/strong><\/a><\/p>\n","protected":false},"excerpt":{"rendered":"<p>El Servicio de Evaluaci\u00f3n Ambiental (SEA) inform\u00f3 que ingres\u00f3 a evaluaci\u00f3n la Declaraci\u00f3n de Impacto Ambiental (DIA) del proyecto denominado \u201cParque Fotovoltaico, de almacenamiento y&hellip; <\/p>\n","protected":false},"author":7,"featured_media":99200,"comment_status":"closed","ping_status":"closed","sticky":false,"template":"","format":"standard","meta":{"footnotes":""},"categories":[38],"tags":[],"class_list":["post-99199","post","type-post","status-publish","format-standard","has-post-thumbnail","hentry","category-portada-regional"],"_links":{"self":[{"href":"https:\/\/www.radioamigavallenar.cl\/index.php?rest_route=\/wp\/v2\/posts\/99199","targetHints":{"allow":["GET"]}}],"collection":[{"href":"https:\/\/www.radioamigavallenar.cl\/index.php?rest_route=\/wp\/v2\/posts"}],"about":[{"href":"https:\/\/www.radioamigavallenar.cl\/index.php?rest_route=\/wp\/v2\/types\/post"}],"author":[{"embeddable":true,"href":"https:\/\/www.radioamigavallenar.cl\/index.php?rest_route=\/wp\/v2\/users\/7"}],"replies":[{"embeddable":true,"href":"https:\/\/www.radioamigavallenar.cl\/index.php?rest_route=%2Fwp%2Fv2%2Fcomments&post=99199"}],"version-history":[{"count":1,"href":"https:\/\/www.radioamigavallenar.cl\/index.php?rest_route=\/wp\/v2\/posts\/99199\/revisions"}],"predecessor-version":[{"id":99201,"href":"https:\/\/www.radioamigavallenar.cl\/index.php?rest_route=\/wp\/v2\/posts\/99199\/revisions\/99201"}],"wp:featuredmedia":[{"embeddable":true,"href":"https:\/\/www.radioamigavallenar.cl\/index.php?rest_route=\/wp\/v2\/media\/99200"}],"wp:attachment":[{"href":"https:\/\/www.radioamigavallenar.cl\/index.php?rest_route=%2Fwp%2Fv2%2Fmedia&parent=99199"}],"wp:term":[{"taxonomy":"category","embeddable":true,"href":"https:\/\/www.radioamigavallenar.cl\/index.php?rest_route=%2Fwp%2Fv2%2Fcategories&post=99199"},{"taxonomy":"post_tag","embeddable":true,"href":"https:\/\/www.radioamigavallenar.cl\/index.php?rest_route=%2Fwp%2Fv2%2Ftags&post=99199"}],"curies":[{"name":"wp","href":"https:\/\/api.w.org\/{rel}","templated":true}]}}