{"id":99193,"date":"2026-03-05T09:19:26","date_gmt":"2026-03-05T12:19:26","guid":{"rendered":"https:\/\/www.radioamigavallenar.cl\/?p=99193"},"modified":"2026-03-05T09:19:26","modified_gmt":"2026-03-05T12:19:26","slug":"senadora-yasna-provoste-la-derecha-prometio-combatir-el-crimen-pero-busca-liberar-a-los-peores-criminales","status":"publish","type":"post","link":"https:\/\/www.radioamigavallenar.cl\/?p=99193","title":{"rendered":"Senadora Yasna Provoste: La derecha prometi\u00f3 combatir el crimen, pero busca liberar a los peores criminales"},"content":{"rendered":"<p>La senadora\u00a0<strong>Yasna Provoste<\/strong>\u00a0(DC) critic\u00f3 duramente la aprobaci\u00f3n en general del proyecto que busca\u00a0<strong>conmutar penas para reos de avanzada edad<\/strong>, iniciativa que avanz\u00f3 en el Senado por un estrecho margen de 23 votos contra 22.<\/p>\n<p>La parlamentaria afirm\u00f3 que <strong>\u00abla derecha prometi\u00f3 combatir el crimen, pero busca liberar a los peores criminales\u00bb<\/strong>, acusando una contradicci\u00f3n entre el discurso de mano dura frente a la delincuencia y el respaldo a esta propuesta.<\/p>\n<p>\u00abSin duda que ayer fue\u00a0<strong>un d\u00eda muy negro para la justicia y para la b\u00fasqueda de verdad<\/strong>\u00ab, sostuvo Provoste, quien cuestion\u00f3 que senadores que impulsaron la iniciativa sean los mismos que suelen\u00a0<strong>exigir mayor severidad frente al delito<\/strong>.<\/p>\n<p>La legisladora asegur\u00f3 que la iniciativa \u2014presentada con argumentos humanitarios\u2014 podr\u00eda terminar beneficiando a condenados por delitos graves: \u00abEste proyecto permite que\u00a0<strong>violadores, ped\u00f3filos y homicidas puedan salir de las c\u00e1rceles<\/strong>\u00ab, afirm\u00f3, advirtiendo que con ello se env\u00eda una se\u00f1al equivocada en materia de seguridad.<\/p>\n<p>Asimismo, se\u00f1al\u00f3 que durante la tramitaci\u00f3n \u00ab<strong>no existi\u00f3 voluntad de modificar el proyecto<\/strong>, pese a los reparos planteados por distintos actores, entre ellos la Corte Suprema y el Ministerio de Justicia\u00bb.<\/p>\n<p>En ese contexto, Provoste adelant\u00f3 que desde el actual oficialismo \u00abbuscaremos frenar el avance de la iniciativa\u00a0<strong>mediante indicaciones y otras herramientas legislativas<\/strong>\u00ab, incluyendo reservas de constitucionalidad, argumentando que la propuesta podr\u00eda contradecir\u00a0<strong>compromisos internacionales suscritos por Chile<\/strong>\u00a0en materia de derechos humanos.<\/p>\n","protected":false},"excerpt":{"rendered":"<p>La senadora\u00a0Yasna Provoste\u00a0(DC) critic\u00f3 duramente la aprobaci\u00f3n en general del proyecto que busca\u00a0conmutar penas para reos de avanzada edad, iniciativa que avanz\u00f3 en el Senado&hellip; <\/p>\n","protected":false},"author":7,"featured_media":99194,"comment_status":"closed","ping_status":"closed","sticky":false,"template":"","format":"standard","meta":{"footnotes":""},"categories":[7],"tags":[],"class_list":["post-99193","post","type-post","status-publish","format-standard","has-post-thumbnail","hentry","category-atacama"],"_links":{"self":[{"href":"https:\/\/www.radioamigavallenar.cl\/index.php?rest_route=\/wp\/v2\/posts\/99193","targetHints":{"allow":["GET"]}}],"collection":[{"href":"https:\/\/www.radioamigavallenar.cl\/index.php?rest_route=\/wp\/v2\/posts"}],"about":[{"href":"https:\/\/www.radioamigavallenar.cl\/index.php?rest_route=\/wp\/v2\/types\/post"}],"author":[{"embeddable":true,"href":"https:\/\/www.radioamigavallenar.cl\/index.php?rest_route=\/wp\/v2\/users\/7"}],"replies":[{"embeddable":true,"href":"https:\/\/www.radioamigavallenar.cl\/index.php?rest_route=%2Fwp%2Fv2%2Fcomments&post=99193"}],"version-history":[{"count":1,"href":"https:\/\/www.radioamigavallenar.cl\/index.php?rest_route=\/wp\/v2\/posts\/99193\/revisions"}],"predecessor-version":[{"id":99195,"href":"https:\/\/www.radioamigavallenar.cl\/index.php?rest_route=\/wp\/v2\/posts\/99193\/revisions\/99195"}],"wp:featuredmedia":[{"embeddable":true,"href":"https:\/\/www.radioamigavallenar.cl\/index.php?rest_route=\/wp\/v2\/media\/99194"}],"wp:attachment":[{"href":"https:\/\/www.radioamigavallenar.cl\/index.php?rest_route=%2Fwp%2Fv2%2Fmedia&parent=99193"}],"wp:term":[{"taxonomy":"category","embeddable":true,"href":"https:\/\/www.radioamigavallenar.cl\/index.php?rest_route=%2Fwp%2Fv2%2Fcategories&post=99193"},{"taxonomy":"post_tag","embeddable":true,"href":"https:\/\/www.radioamigavallenar.cl\/index.php?rest_route=%2Fwp%2Fv2%2Ftags&post=99193"}],"curies":[{"name":"wp","href":"https:\/\/api.w.org\/{rel}","templated":true}]}}