{"id":99190,"date":"2026-03-05T09:16:58","date_gmt":"2026-03-05T12:16:58","guid":{"rendered":"https:\/\/www.radioamigavallenar.cl\/?p=99190"},"modified":"2026-03-05T09:16:58","modified_gmt":"2026-03-05T12:16:58","slug":"achm-se-reune-con-futura-ministra-de-salud-y-advierte-por-posible-colapso-de-hospitales","status":"publish","type":"post","link":"https:\/\/www.radioamigavallenar.cl\/?p=99190","title":{"rendered":"ACHM se re\u00fane con futura ministra de Salud y advierte por posible colapso de hospitales"},"content":{"rendered":"<p>La advertencia fue directa. La\u00a0<strong>Asociaci\u00f3n Chilena de Municipalidades (ACHM)<\/strong>\u00a0alert\u00f3 a la\u00a0<strong>futura ministra de Salud, May Chomal\u00ed<\/strong>, que si no se adoptan cambios de fondo en el sistema, la red hospitalaria podr\u00eda enfrentar un escenario de colapso en los pr\u00f3ximos meses.<\/p>\n<p>La se\u00f1al se dio en una reuni\u00f3n sostenida entre la futura secretaria de Estado y representantes de la asociaci\u00f3n, encabezados por el alcalde de Zapallar y presidente de la ACHM, Gustavo Alessandri; junto al alcalde de Huechuraba, Maximiliano Luksic.\u00a0<strong>En la cita le entregaron un informe en el que detallan la situaci\u00f3n que enfrenta hoy la atenci\u00f3n primaria en distintas comunas del pa\u00eds<\/strong>.<\/p>\n<p>Seg\u00fan plantearon, los consultorios y Cesfam est\u00e1n operando al l\u00edmite de su capacidad, con alta demanda de pacientes, recursos acotados y dificultades para resolver oportunamente muchos casos.\u00a0<strong>Esa presi\u00f3n, advierten, termina traslad\u00e1ndose a los hospitales de mayor complejidad<\/strong>, tensionando a\u00fan m\u00e1s la red asistencial.<\/p>\n<p>En ese contexto, Alessandri explic\u00f3 que en la reuni\u00f3n se abordaron los principales problemas que enfrentan los municipios en materia de salud y valor\u00f3 la disposici\u00f3n de la futura ministra para escuchar los planteamientos de los alcaldes.<\/p>\n<p>El jefe comunal se\u00f1al\u00f3 que tambi\u00e9n se identificaron desaf\u00edos prioritarios para los primeros cien d\u00edas de la pr\u00f3xima administraci\u00f3n, donde el foco, dijo, deber\u00eda estar en fortalecer la coordinaci\u00f3n entre el ministerio y los gobiernos locales.<\/p>\n<p>Por su parte, el alcalde de Huechuraba, Maximiliano Luksic, advirti\u00f3 que el sistema sanitario enfrenta un momento cr\u00edtico y que se requiere pasar de los diagn\u00f3sticos a las decisiones. En esa l\u00ednea, plante\u00f3 la necesidad de crear una mesa t\u00e9cnica que permita abordar de manera concreta los problemas de la red, fijando plazos y responsabilidades claras.<\/p>\n<p>Desde la Asociaci\u00f3n Chilena de Municipalidades insistieron en que sin m\u00e1s recursos,\u00a0<strong>mayor capacidad resolutiva en los consultorios y una mejor coordinaci\u00f3n entre niveles de atenci\u00f3n, la presi\u00f3n sobre hospitales y servicios de urgencia seguir\u00e1 aumentando<\/strong>\u00a0en los pr\u00f3ximos a\u00f1os.<\/p>\n","protected":false},"excerpt":{"rendered":"<p>La advertencia fue directa. La\u00a0Asociaci\u00f3n Chilena de Municipalidades (ACHM)\u00a0alert\u00f3 a la\u00a0futura ministra de Salud, May Chomal\u00ed, que si no se adoptan cambios de fondo en&hellip; <\/p>\n","protected":false},"author":7,"featured_media":99191,"comment_status":"closed","ping_status":"closed","sticky":false,"template":"","format":"standard","meta":{"footnotes":""},"categories":[37],"tags":[],"class_list":["post-99190","post","type-post","status-publish","format-standard","has-post-thumbnail","hentry","category-nacional"],"_links":{"self":[{"href":"https:\/\/www.radioamigavallenar.cl\/index.php?rest_route=\/wp\/v2\/posts\/99190","targetHints":{"allow":["GET"]}}],"collection":[{"href":"https:\/\/www.radioamigavallenar.cl\/index.php?rest_route=\/wp\/v2\/posts"}],"about":[{"href":"https:\/\/www.radioamigavallenar.cl\/index.php?rest_route=\/wp\/v2\/types\/post"}],"author":[{"embeddable":true,"href":"https:\/\/www.radioamigavallenar.cl\/index.php?rest_route=\/wp\/v2\/users\/7"}],"replies":[{"embeddable":true,"href":"https:\/\/www.radioamigavallenar.cl\/index.php?rest_route=%2Fwp%2Fv2%2Fcomments&post=99190"}],"version-history":[{"count":1,"href":"https:\/\/www.radioamigavallenar.cl\/index.php?rest_route=\/wp\/v2\/posts\/99190\/revisions"}],"predecessor-version":[{"id":99192,"href":"https:\/\/www.radioamigavallenar.cl\/index.php?rest_route=\/wp\/v2\/posts\/99190\/revisions\/99192"}],"wp:featuredmedia":[{"embeddable":true,"href":"https:\/\/www.radioamigavallenar.cl\/index.php?rest_route=\/wp\/v2\/media\/99191"}],"wp:attachment":[{"href":"https:\/\/www.radioamigavallenar.cl\/index.php?rest_route=%2Fwp%2Fv2%2Fmedia&parent=99190"}],"wp:term":[{"taxonomy":"category","embeddable":true,"href":"https:\/\/www.radioamigavallenar.cl\/index.php?rest_route=%2Fwp%2Fv2%2Fcategories&post=99190"},{"taxonomy":"post_tag","embeddable":true,"href":"https:\/\/www.radioamigavallenar.cl\/index.php?rest_route=%2Fwp%2Fv2%2Ftags&post=99190"}],"curies":[{"name":"wp","href":"https:\/\/api.w.org\/{rel}","templated":true}]}}