{"id":99185,"date":"2026-03-05T00:00:31","date_gmt":"2026-03-05T03:00:31","guid":{"rendered":"https:\/\/www.radioamigavallenar.cl\/?p=99185"},"modified":"2026-03-04T23:04:33","modified_gmt":"2026-03-05T02:04:33","slug":"tommy-villarroel-nadador-atacameno-de-16-anos-completa-la-corona-oceano-y-entra-al-selecto-grupo-que-finalizo-la-triple-corona-de-chile","status":"publish","type":"post","link":"https:\/\/www.radioamigavallenar.cl\/?p=99185","title":{"rendered":"\u201cTommy\u201d Villarroel, nadador atacame\u00f1o de 16 a\u00f1os, completa la Corona Oc\u00e9ano y entra al selecto grupo que finaliz\u00f3 la Triple Corona de Chile."},"content":{"rendered":"<p>En una traves\u00eda marcada por condiciones extremas, el nadador atacame\u00f1o Tom\u00e1s \u201cTommy\u201d Villarroel Nicol\u00e1s (16 a\u00f1os) complet\u00f3 exitosamente la Corona Oc\u00e9ano del Circuito Triple Corona de Marat\u00f3n de Aguas Abiertas, convirti\u00e9ndose en el primer atacame\u00f1o en lograr este hito y en uno de los seis nadadores que han terminado la Triple Corona de Chile.<\/p>\n<p>La prueba se realiz\u00f3 el viernes 27 de febrero, en un nado de 14,7 kil\u00f3metros entre Playa La Boca (Conc\u00f3n) y el Balneario Caleta Abarca (Vi\u00f1a del Mar), con una temperatura del agua entre 13,4 y 14,5\u00b0C, configurando un desaf\u00edo de alta exigencia para la especialidad. El circuito fue organizado por Chile Open Water Swimming y cuenta con certificaci\u00f3n de la Marathon Swimmers Federation.<\/p>\n<p>La Triple Corona de Chile incluye, adem\u00e1s, la Corona R\u00edo Tolt\u00e9n (26,5 km) y el Lago Villarrica (22 km), distancias que demandan preparaci\u00f3n t\u00e9cnica, resistencia f\u00edsica y fortaleza mental.<\/p>\n<p>Desde la organizaci\u00f3n, Chile Open Water Swimming destac\u00f3 a Villarroel por establecer el r\u00e9cord como el nadador m\u00e1s joven en conseguir la Triple Corona, una marca que, seg\u00fan los organizadores, podr\u00eda ser dif\u00edcil de superar por varios a\u00f1os. Junto con ello, Tom\u00e1s tambi\u00e9n registr\u00f3 el r\u00e9cord de tiempo masculino en la distancia Conc\u00f3n\u2013Vi\u00f1a del Mar.<\/p>\n<p>El propio deportista relat\u00f3 que esta fue la etapa m\u00e1s compleja de completar, debido a que en un intento previo, durante el mes de enero, molestias estomacales le impidieron finalizar la prueba cuando se encontraba a 4 kil\u00f3metros de la meta. En esta nueva oportunidad, logr\u00f3 cerrar el desaf\u00edo enfrentando durante 4 horas y 22 minutos temperaturas particularmente bajas para una marat\u00f3n de larga distancia.<\/p>\n<p>La diputada Sof\u00eda Cid Versalovic valor\u00f3 el logro del deportista y su impacto para la regi\u00f3n:<br \/>\n\u201cEste es un orgullo para Atacama. Reconozco el esfuerzo, la disciplina y el trabajo detr\u00e1s de un desaf\u00edo de alto rendimiento como la Triple Corona. Cuando un deportista de nuestra regi\u00f3n llega a este nivel, inspira a nuevas generaciones y visibiliza el talento que tenemos en el norte\u201d, se\u00f1al\u00f3.<\/p>\n<p>El hito fue posible gracias al apoyo de auspiciadores Minera Candelaria, JCM Ingenier\u00eda, Minera Caserones, Chilem\u00e1quinas, adem\u00e1s de su familia y amigos, y el respaldo t\u00e9cnico y profesional de su equipo, incluyendo a @nutri.alzerreca, @profe.francisco1, @natacioncluboasis y @g_espoz05. El resultado, adem\u00e1s, contribuye a seguir impulsando y dando visibilidad a la nataci\u00f3n de aguas abiertas en Atacama, una disciplina que a\u00f1o a a\u00f1o suma nuevos participantes en las costas de la regi\u00f3n.<\/p>\n","protected":false},"excerpt":{"rendered":"<p>En una traves\u00eda marcada por condiciones extremas, el nadador atacame\u00f1o Tom\u00e1s \u201cTommy\u201d Villarroel Nicol\u00e1s (16 a\u00f1os) complet\u00f3 exitosamente la Corona Oc\u00e9ano del Circuito Triple Corona&hellip; <\/p>\n","protected":false},"author":7,"featured_media":99187,"comment_status":"closed","ping_status":"closed","sticky":false,"template":"","format":"standard","meta":{"footnotes":""},"categories":[7],"tags":[],"class_list":["post-99185","post","type-post","status-publish","format-standard","has-post-thumbnail","hentry","category-atacama"],"_links":{"self":[{"href":"https:\/\/www.radioamigavallenar.cl\/index.php?rest_route=\/wp\/v2\/posts\/99185","targetHints":{"allow":["GET"]}}],"collection":[{"href":"https:\/\/www.radioamigavallenar.cl\/index.php?rest_route=\/wp\/v2\/posts"}],"about":[{"href":"https:\/\/www.radioamigavallenar.cl\/index.php?rest_route=\/wp\/v2\/types\/post"}],"author":[{"embeddable":true,"href":"https:\/\/www.radioamigavallenar.cl\/index.php?rest_route=\/wp\/v2\/users\/7"}],"replies":[{"embeddable":true,"href":"https:\/\/www.radioamigavallenar.cl\/index.php?rest_route=%2Fwp%2Fv2%2Fcomments&post=99185"}],"version-history":[{"count":1,"href":"https:\/\/www.radioamigavallenar.cl\/index.php?rest_route=\/wp\/v2\/posts\/99185\/revisions"}],"predecessor-version":[{"id":99186,"href":"https:\/\/www.radioamigavallenar.cl\/index.php?rest_route=\/wp\/v2\/posts\/99185\/revisions\/99186"}],"wp:featuredmedia":[{"embeddable":true,"href":"https:\/\/www.radioamigavallenar.cl\/index.php?rest_route=\/wp\/v2\/media\/99187"}],"wp:attachment":[{"href":"https:\/\/www.radioamigavallenar.cl\/index.php?rest_route=%2Fwp%2Fv2%2Fmedia&parent=99185"}],"wp:term":[{"taxonomy":"category","embeddable":true,"href":"https:\/\/www.radioamigavallenar.cl\/index.php?rest_route=%2Fwp%2Fv2%2Fcategories&post=99185"},{"taxonomy":"post_tag","embeddable":true,"href":"https:\/\/www.radioamigavallenar.cl\/index.php?rest_route=%2Fwp%2Fv2%2Ftags&post=99185"}],"curies":[{"name":"wp","href":"https:\/\/api.w.org\/{rel}","templated":true}]}}