{"id":99182,"date":"2026-03-05T00:00:38","date_gmt":"2026-03-05T03:00:38","guid":{"rendered":"https:\/\/www.radioamigavallenar.cl\/?p=99182"},"modified":"2026-03-05T00:31:49","modified_gmt":"2026-03-05T03:31:49","slug":"autoridad-sanitaria-de-atacama-decreta-prohibicion-de-funcionamiento-a-clinica-estetica-en-copiapo","status":"publish","type":"post","link":"https:\/\/www.radioamigavallenar.cl\/?p=99182","title":{"rendered":"Autoridad Sanitaria de Atacama decreta prohibici\u00f3n de funcionamiento a cl\u00ednica est\u00e9tica en Copiap\u00f3"},"content":{"rendered":"<p>Fiscalizaci\u00f3n detect\u00f3 graves incumplimientos sanitarios, medicamentos vencidos y riesgo para la salud de usuarios y trabajadores.<\/p>\n<p>La Seremi de Salud de Atacama decret\u00f3 la prohibici\u00f3n de funcionamiento y el inicio de un sumario sanitario en contra de una cl\u00ednica ubicada en la comuna de Copiap\u00f3, tras constatar una serie de incumplimientos graves a la normativa sanitaria vigente durante una fiscalizaci\u00f3n realizada por la Unidad de Profesiones M\u00e9dicas y Farmacia del Departamento de Acci\u00f3n Sanitaria.<\/p>\n<p>Durante la inspecci\u00f3n se verificaron diversas deficiencias que representan un riesgo para la salud de las personas, entre ellas modificaciones en las dependencias del establecimiento sin autorizaci\u00f3n sanitaria, ausencia de se\u00f1alizaci\u00f3n adecuada de v\u00edas de evacuaci\u00f3n y obstrucci\u00f3n de salida de emergencia, y falta de extintores conforme a la normativa vigente.<\/p>\n<p>Adicional a ello, la autoridad de salud, J\u00e9ssica Rojas Gahona, explic\u00f3 que durante la fiscalizaci\u00f3n tambi\u00e9n se detectaron importantes irregularidades en el manejo de insumos cl\u00ednicos y medicamentos. \u201cEntre los hallazgos constatamos la presencia de 179 productos entre medicamentos, dispositivos m\u00e9dicos, cosm\u00e9ticos y productos odontol\u00f3gicos vencidos, adem\u00e1s de medicamentos sin autorizaci\u00f3n sanitaria para su uso en botiqu\u00edn, los cuales fueron decomisados. Tambi\u00e9n verificamos un manejo inadecuado de la cadena de fr\u00edo para medicamentos, material est\u00e9ril vencido, almacenamiento inadecuado de material cl\u00ednico y deficiencias en el manejo de residuos de atenci\u00f3n de salud\u201d, se\u00f1al\u00f3.<\/p>\n<p>Y agreg\u00f3 que, \u201cla seguridad de los usuarios es una prioridad y los est\u00e1ndares sanitarios no son opcionales. Por ello, cuando detectamos incumplimientos que pueden poner en riesgo la salud de las personas, aplicamos las medidas que establece la normativa sanitaria vigente\u201d.<\/p>\n<p>Desde la Autoridad Sanitaria regional recordaron que los procedimientos est\u00e9ticos deben realizarse \u00fanicamente en establecimientos que cuenten con resoluci\u00f3n sanitaria vigente, infraestructura autorizada y condiciones adecuadas que garanticen seguridad y calidad cl\u00ednica para los pacientes.<\/p>\n<p>Finalmente, la Seremi hizo un llamado a la comunidad a realizar sus denuncias ante cualquier irregularidad sanitaria a trav\u00e9s de los canales oficiales: la plataforma oirs.minsal.cl o de manera presencial en cualquiera de las oficinas de Atenci\u00f3n a P\u00fablico y Transparencia de la Autoridad Sanitaria Regional.<\/p>\n","protected":false},"excerpt":{"rendered":"<p>Fiscalizaci\u00f3n detect\u00f3 graves incumplimientos sanitarios, medicamentos vencidos y riesgo para la salud de usuarios y trabajadores. La Seremi de Salud de Atacama decret\u00f3 la prohibici\u00f3n&hellip; <\/p>\n","protected":false},"author":7,"featured_media":99183,"comment_status":"closed","ping_status":"closed","sticky":false,"template":"","format":"standard","meta":{"footnotes":""},"categories":[38],"tags":[],"class_list":["post-99182","post","type-post","status-publish","format-standard","has-post-thumbnail","hentry","category-portada-regional"],"_links":{"self":[{"href":"https:\/\/www.radioamigavallenar.cl\/index.php?rest_route=\/wp\/v2\/posts\/99182","targetHints":{"allow":["GET"]}}],"collection":[{"href":"https:\/\/www.radioamigavallenar.cl\/index.php?rest_route=\/wp\/v2\/posts"}],"about":[{"href":"https:\/\/www.radioamigavallenar.cl\/index.php?rest_route=\/wp\/v2\/types\/post"}],"author":[{"embeddable":true,"href":"https:\/\/www.radioamigavallenar.cl\/index.php?rest_route=\/wp\/v2\/users\/7"}],"replies":[{"embeddable":true,"href":"https:\/\/www.radioamigavallenar.cl\/index.php?rest_route=%2Fwp%2Fv2%2Fcomments&post=99182"}],"version-history":[{"count":1,"href":"https:\/\/www.radioamigavallenar.cl\/index.php?rest_route=\/wp\/v2\/posts\/99182\/revisions"}],"predecessor-version":[{"id":99184,"href":"https:\/\/www.radioamigavallenar.cl\/index.php?rest_route=\/wp\/v2\/posts\/99182\/revisions\/99184"}],"wp:featuredmedia":[{"embeddable":true,"href":"https:\/\/www.radioamigavallenar.cl\/index.php?rest_route=\/wp\/v2\/media\/99183"}],"wp:attachment":[{"href":"https:\/\/www.radioamigavallenar.cl\/index.php?rest_route=%2Fwp%2Fv2%2Fmedia&parent=99182"}],"wp:term":[{"taxonomy":"category","embeddable":true,"href":"https:\/\/www.radioamigavallenar.cl\/index.php?rest_route=%2Fwp%2Fv2%2Fcategories&post=99182"},{"taxonomy":"post_tag","embeddable":true,"href":"https:\/\/www.radioamigavallenar.cl\/index.php?rest_route=%2Fwp%2Fv2%2Ftags&post=99182"}],"curies":[{"name":"wp","href":"https:\/\/api.w.org\/{rel}","templated":true}]}}