{"id":99179,"date":"2026-03-05T00:02:42","date_gmt":"2026-03-05T03:02:42","guid":{"rendered":"https:\/\/www.radioamigavallenar.cl\/?p=99179"},"modified":"2026-03-04T23:00:36","modified_gmt":"2026-03-05T02:00:36","slug":"golpe-al-microtrafico-en-vallenar-tres-hermanos-detenidos-por-drogas-ademas-de-piezas-paleontologicas-incautadas","status":"publish","type":"post","link":"https:\/\/www.radioamigavallenar.cl\/?p=99179","title":{"rendered":"Golpe al microtr\u00e1fico en Vallenar: tres hermanos detenidos por drogas, adem\u00e1s de piezas paleontol\u00f3gicas incautadas"},"content":{"rendered":"<p>Un operativo desarrollado por la Polic\u00eda de Investigaciones permiti\u00f3 la detenci\u00f3n de tres hermanos acusados de dedicarse al tr\u00e1fico il\u00edcito de drogas en la comuna de Vallenar, Regi\u00f3n de Atacama. El procedimiento, enmarcado en el Modelo Territorial Cero (MT-0), se concret\u00f3 en la poblaci\u00f3n Villa Vista Alegre, donde adem\u00e1s se incautaron sustancias il\u00edcitas y elementos de inter\u00e9s patrimonial.<\/p>\n<div class=\"code-block code-block-3\">\n<div id=\"sas_99069\"><\/div>\n<\/div>\n<p>La diligencia fue encabezada por detectives del Grupo Investigativo MT-0 de la Brigada de Investigaci\u00f3n Criminal de la Polic\u00eda de Investigaciones de Chile en Vallenar, en coordinaci\u00f3n con la Fiscal\u00eda Local. Tras diversas indagatorias, se logr\u00f3 identificar a los tres imputados \u2014dos hombres y una mujer, todos mayores de edad y de nacionalidad chilena\u2014 quienes, seg\u00fan los antecedentes policiales, comercializaban droga en el sector intervenido.<\/p>\n<p>Durante el allanamiento se incautaron 278 gramos de cannabis y dinero en efectivo atribuido a la venta ilegal de sustancias il\u00edcitas. Los detenidos corresponden a una mujer de 20 a\u00f1os y dos hombres de 25 y 29 a\u00f1os. Estos \u00faltimos mantienen antecedentes policiales por delitos vinculados a la salud p\u00fablica y amenazas.<\/p>\n<p>En el mismo procedimiento, los detectives advirtieron la presencia de cuatro piezas que podr\u00edan tener valor paleontol\u00f3gico al interior del inmueble. Por esta raz\u00f3n, fueron derivadas a la Brigada Investigadora de Delitos Contra el Medio Ambiente y Patrimonio Cultural de la PDI en Copiap\u00f3 para su an\u00e1lisis.<\/p>\n<div class=\"code-block code-block-5\">\n<div id=\"sas_99435\"><\/div>\n<\/div>\n<p>Las pericias confirmaron el origen paleontol\u00f3gico de los objetos, los que posteriormente fueron entregados al Consejo de Monumentos Nacionales de Chile, a trav\u00e9s de su Oficina T\u00e9cnica Regional de Atacama, para su resguardo y evaluaci\u00f3n especializada.<\/p>\n<p>En el \u00e1mbito judicial, los tres imputados fueron formalizados por el delito de tr\u00e1fico de drogas. El tribunal decret\u00f3 la medida cautelar de prisi\u00f3n preventiva para dos de ellos, al considerarlos un peligro para la seguridad de la sociedad, y fij\u00f3 un plazo de 100 d\u00edas para el desarrollo de la investigaci\u00f3n.<\/p>\n","protected":false},"excerpt":{"rendered":"<p>Un operativo desarrollado por la Polic\u00eda de Investigaciones permiti\u00f3 la detenci\u00f3n de tres hermanos acusados de dedicarse al tr\u00e1fico il\u00edcito de drogas en la comuna&hellip; <\/p>\n","protected":false},"author":7,"featured_media":99180,"comment_status":"closed","ping_status":"closed","sticky":false,"template":"","format":"standard","meta":{"footnotes":""},"categories":[7],"tags":[],"class_list":["post-99179","post","type-post","status-publish","format-standard","has-post-thumbnail","hentry","category-atacama"],"_links":{"self":[{"href":"https:\/\/www.radioamigavallenar.cl\/index.php?rest_route=\/wp\/v2\/posts\/99179","targetHints":{"allow":["GET"]}}],"collection":[{"href":"https:\/\/www.radioamigavallenar.cl\/index.php?rest_route=\/wp\/v2\/posts"}],"about":[{"href":"https:\/\/www.radioamigavallenar.cl\/index.php?rest_route=\/wp\/v2\/types\/post"}],"author":[{"embeddable":true,"href":"https:\/\/www.radioamigavallenar.cl\/index.php?rest_route=\/wp\/v2\/users\/7"}],"replies":[{"embeddable":true,"href":"https:\/\/www.radioamigavallenar.cl\/index.php?rest_route=%2Fwp%2Fv2%2Fcomments&post=99179"}],"version-history":[{"count":1,"href":"https:\/\/www.radioamigavallenar.cl\/index.php?rest_route=\/wp\/v2\/posts\/99179\/revisions"}],"predecessor-version":[{"id":99181,"href":"https:\/\/www.radioamigavallenar.cl\/index.php?rest_route=\/wp\/v2\/posts\/99179\/revisions\/99181"}],"wp:featuredmedia":[{"embeddable":true,"href":"https:\/\/www.radioamigavallenar.cl\/index.php?rest_route=\/wp\/v2\/media\/99180"}],"wp:attachment":[{"href":"https:\/\/www.radioamigavallenar.cl\/index.php?rest_route=%2Fwp%2Fv2%2Fmedia&parent=99179"}],"wp:term":[{"taxonomy":"category","embeddable":true,"href":"https:\/\/www.radioamigavallenar.cl\/index.php?rest_route=%2Fwp%2Fv2%2Fcategories&post=99179"},{"taxonomy":"post_tag","embeddable":true,"href":"https:\/\/www.radioamigavallenar.cl\/index.php?rest_route=%2Fwp%2Fv2%2Ftags&post=99179"}],"curies":[{"name":"wp","href":"https:\/\/api.w.org\/{rel}","templated":true}]}}