{"id":99176,"date":"2026-03-05T00:01:37","date_gmt":"2026-03-05T03:01:37","guid":{"rendered":"https:\/\/www.radioamigavallenar.cl\/?p=99176"},"modified":"2026-03-04T22:59:36","modified_gmt":"2026-03-05T01:59:36","slug":"cge-informa-el-robo-de-mas-de-2-000-metros-de-cable-en-la-comuna-de-vallenar","status":"publish","type":"post","link":"https:\/\/www.radioamigavallenar.cl\/?p=99176","title":{"rendered":"CGE informa el robo de m\u00e1s de 2.000 metros de cable en la comuna de Vallenar"},"content":{"rendered":"<p lang=\"es-ES\" align=\"justify\">El robo de cables es un delito que ha ido en aumento en la regi\u00f3n de Atacama. Esta vez fue afectada la comuna de Vallenar, donde desconocidos sustrajeron 2.800 metros de cable de cobre.<\/p>\n<div class=\"code-block code-block-3\">\n<div id=\"sas_99069\"><\/div>\n<\/div>\n<p lang=\"es-ES\" align=\"justify\">Este hecho produjo la interrupci\u00f3n del suministro de 492 clientes de las localidades de Domeyko, Cachiyuyo e Incahuasi, raz\u00f3n por la cual brigadas CGE se encuentran trabajando en terreno para la recuperaci\u00f3n del servicio.<\/p>\n<p lang=\"es-ES\" align=\"justify\">Este delito se desarroll\u00f3 de manera estrat\u00e9gica con dos puntos de robo ubicados en sectores de dif\u00edccil acceso y con presencia de roquerios, en uno de los cuales la banda derrib\u00f3 cuatro postes y provoc\u00f3 da\u00f1o en las estructuras, por lo que los trabajos a realizar ser\u00e1n de larga extensi\u00f3n.<\/p>\n<p lang=\"es-ES\" align=\"justify\">\u201cEl robo de cables es un delito que no s\u00f3lo da\u00f1a la red de distribuci\u00f3n, sino que las mayores afectadas son las cientos de familias, donde estudiantes, locatarios y servicios b\u00e1sicos no pueden continuar con sus labores de manera normal. Hacemos un llamado a las autoridades a aumentar las sanciones frente a este delito y mejorar las condiciones de seguridad, los vecinos y vecinas no pueden seguir siendo v\u00edctimas por estos robos\u201d se\u00f1al\u00f3 Hector Opazo, gerente zonal CGE Atacama.<\/p>\n","protected":false},"excerpt":{"rendered":"<p>El robo de cables es un delito que ha ido en aumento en la regi\u00f3n de Atacama. Esta vez fue afectada la comuna de Vallenar,&hellip; <\/p>\n","protected":false},"author":7,"featured_media":99177,"comment_status":"closed","ping_status":"closed","sticky":false,"template":"","format":"standard","meta":{"footnotes":""},"categories":[7],"tags":[],"class_list":["post-99176","post","type-post","status-publish","format-standard","has-post-thumbnail","hentry","category-atacama"],"_links":{"self":[{"href":"https:\/\/www.radioamigavallenar.cl\/index.php?rest_route=\/wp\/v2\/posts\/99176","targetHints":{"allow":["GET"]}}],"collection":[{"href":"https:\/\/www.radioamigavallenar.cl\/index.php?rest_route=\/wp\/v2\/posts"}],"about":[{"href":"https:\/\/www.radioamigavallenar.cl\/index.php?rest_route=\/wp\/v2\/types\/post"}],"author":[{"embeddable":true,"href":"https:\/\/www.radioamigavallenar.cl\/index.php?rest_route=\/wp\/v2\/users\/7"}],"replies":[{"embeddable":true,"href":"https:\/\/www.radioamigavallenar.cl\/index.php?rest_route=%2Fwp%2Fv2%2Fcomments&post=99176"}],"version-history":[{"count":1,"href":"https:\/\/www.radioamigavallenar.cl\/index.php?rest_route=\/wp\/v2\/posts\/99176\/revisions"}],"predecessor-version":[{"id":99178,"href":"https:\/\/www.radioamigavallenar.cl\/index.php?rest_route=\/wp\/v2\/posts\/99176\/revisions\/99178"}],"wp:featuredmedia":[{"embeddable":true,"href":"https:\/\/www.radioamigavallenar.cl\/index.php?rest_route=\/wp\/v2\/media\/99177"}],"wp:attachment":[{"href":"https:\/\/www.radioamigavallenar.cl\/index.php?rest_route=%2Fwp%2Fv2%2Fmedia&parent=99176"}],"wp:term":[{"taxonomy":"category","embeddable":true,"href":"https:\/\/www.radioamigavallenar.cl\/index.php?rest_route=%2Fwp%2Fv2%2Fcategories&post=99176"},{"taxonomy":"post_tag","embeddable":true,"href":"https:\/\/www.radioamigavallenar.cl\/index.php?rest_route=%2Fwp%2Fv2%2Ftags&post=99176"}],"curies":[{"name":"wp","href":"https:\/\/api.w.org\/{rel}","templated":true}]}}