{"id":99173,"date":"2026-03-05T00:00:57","date_gmt":"2026-03-05T03:00:57","guid":{"rendered":"https:\/\/www.radioamigavallenar.cl\/?p=99173"},"modified":"2026-03-04T22:58:34","modified_gmt":"2026-03-05T01:58:34","slug":"asume-nuevo-consejo-consultivo-regional-del-medio-ambiente-para-el-periodo-2026-2028-en-atacama","status":"publish","type":"post","link":"https:\/\/www.radioamigavallenar.cl\/?p=99173","title":{"rendered":"Asume nuevo Consejo Consultivo Regional del Medio Ambiente para el per\u00edodo 2026-2028 en Atacama"},"content":{"rendered":"<p>El Consejo Consultivo es una instancia de participaci\u00f3n ciudadana que se funda en el derecho que el Estado reconoce en las personas de participar en las pol\u00edticas, planes, programas y acciones gubernamentales.<\/p>\n<p>En reuni\u00f3n presidida por la SEREMI de Medio Ambiente, Natalia Penroz se llev\u00f3 a cabo la constituci\u00f3n del nuevo Consejo Consultivo del Medio Ambiente Regi\u00f3n de Atacama para el periodo 2026-2028. La instancia est\u00e1 conformada por representantes del \u00e1mbito acad\u00e9mico, empresarial, laboral y de organizaciones no gubernamentales, adem\u00e1s de la titular de dicha cartera.<\/p>\n<p>Los Consejos Consultivos fueron creados a partir de la Ley 19.300 sobre Bases Generales del Medio Ambiente y se han homologado a los Consejos de la Sociedad Civil se\u00f1alados en la Ley 20.500 sobre Asociaciones y Participaci\u00f3n Ciudadana en la Gesti\u00f3n P\u00fablica.<\/p>\n<p>\u00c9stos buscan profundizar y fortalecer la relaci\u00f3n entre la sociedad civil organizada y la cartera medioambiental a trav\u00e9s de la representaci\u00f3n de diversas instituciones o grupos de actores. Su fin es debatir y opinar sobre temas de relevancia ambiental, principalmente sobre los instrumentos o materias que sean puestas a su consideraci\u00f3n, los cuales permiten fortalecer su calidad t\u00e9cnica, dejando constancia de las distintas visiones existentes sobre un determinado tema.<\/p>\n<p>En esa l\u00ednea la Seremi del Medio Ambiente Natalia Penroz, afirm\u00f3 que los Consejos Consultivos de Medio Ambiente buscan profundizar y fortalecer la relaci\u00f3n entre la sociedad civil organizada y el Ministerio del Medio Ambiente a trav\u00e9s de la representaci\u00f3n de diversas instituciones o grupos de actores (academia, empresariado, trabajadores, ONG`s ambientales y del ministerio).<\/p>\n<p>En representaci\u00f3n del mundo Cient\u00edfico, propuestos por las universidades o institutos profesionales establecidos en la regi\u00f3n, integran el Consejo, Pedro P\u00e9rez Pons y Solange Vargas L\u00f3pez. Representantes del empresariado, propuestos por las organizaciones empresariales, Claudia Azola Portilla y Eugenio Huerta Allendes, Representantes de los trabajadores, propuestos por las organizaciones sindicales, Jimena P\u00e9rez Avil\u00e9z y C\u00e9sar Pizarro Gacit\u00faa, y representante de Organizaciones No Gubernamentales, Jorge Oporto Mar\u00edn. Adem\u00e1s, participa como representante del Ministro del Medio Ambiente, la SEREMI del Medio Ambiente de la Regi\u00f3n de Atacama.<\/p>\n<p>En la reuni\u00f3n se eligi\u00f3 la Directiva del Consejo para el periodo antes indicado, resultando Presidenta la representante de la CUT Provincial y como secretaria, la representante de la Universidad de Atacama.<\/p>\n<p>Al asumir la Presidencia del Consejo Consultivo, Jimena P\u00e9rez agradeci\u00f3 su designaci\u00f3n de parte de los integrantes del Consejo Consultivo. \u201cEn la oportunidad solicit\u00f3 cumplir cabalmente con las organizaciones que representan y con lo que espera la ciudadan\u00eda, ser informados y hacer aportes reales a la sustentabilidad de nuestra regi\u00f3n. Espero que toda esa fuerza que destac\u00f3 en su gesti\u00f3n el Consejo Consultivo saliente, se mantenga y podamos contar con ustedes mensualmente, sea en forma presencial u online, pero que estemos aqu\u00ed y seamos un \u00f3rgano efectivo de consulta para la Seremi del Medio Ambiente\u201d, concluy\u00f3 la Dirigente.<\/p>\n","protected":false},"excerpt":{"rendered":"<p>El Consejo Consultivo es una instancia de participaci\u00f3n ciudadana que se funda en el derecho que el Estado reconoce en las personas de participar en&hellip; <\/p>\n","protected":false},"author":7,"featured_media":99174,"comment_status":"closed","ping_status":"closed","sticky":false,"template":"","format":"standard","meta":{"footnotes":""},"categories":[7],"tags":[],"class_list":["post-99173","post","type-post","status-publish","format-standard","has-post-thumbnail","hentry","category-atacama"],"_links":{"self":[{"href":"https:\/\/www.radioamigavallenar.cl\/index.php?rest_route=\/wp\/v2\/posts\/99173","targetHints":{"allow":["GET"]}}],"collection":[{"href":"https:\/\/www.radioamigavallenar.cl\/index.php?rest_route=\/wp\/v2\/posts"}],"about":[{"href":"https:\/\/www.radioamigavallenar.cl\/index.php?rest_route=\/wp\/v2\/types\/post"}],"author":[{"embeddable":true,"href":"https:\/\/www.radioamigavallenar.cl\/index.php?rest_route=\/wp\/v2\/users\/7"}],"replies":[{"embeddable":true,"href":"https:\/\/www.radioamigavallenar.cl\/index.php?rest_route=%2Fwp%2Fv2%2Fcomments&post=99173"}],"version-history":[{"count":1,"href":"https:\/\/www.radioamigavallenar.cl\/index.php?rest_route=\/wp\/v2\/posts\/99173\/revisions"}],"predecessor-version":[{"id":99175,"href":"https:\/\/www.radioamigavallenar.cl\/index.php?rest_route=\/wp\/v2\/posts\/99173\/revisions\/99175"}],"wp:featuredmedia":[{"embeddable":true,"href":"https:\/\/www.radioamigavallenar.cl\/index.php?rest_route=\/wp\/v2\/media\/99174"}],"wp:attachment":[{"href":"https:\/\/www.radioamigavallenar.cl\/index.php?rest_route=%2Fwp%2Fv2%2Fmedia&parent=99173"}],"wp:term":[{"taxonomy":"category","embeddable":true,"href":"https:\/\/www.radioamigavallenar.cl\/index.php?rest_route=%2Fwp%2Fv2%2Fcategories&post=99173"},{"taxonomy":"post_tag","embeddable":true,"href":"https:\/\/www.radioamigavallenar.cl\/index.php?rest_route=%2Fwp%2Fv2%2Ftags&post=99173"}],"curies":[{"name":"wp","href":"https:\/\/api.w.org\/{rel}","templated":true}]}}