{"id":99170,"date":"2026-03-05T00:00:29","date_gmt":"2026-03-05T03:00:29","guid":{"rendered":"https:\/\/www.radioamigavallenar.cl\/?p=99170"},"modified":"2026-03-04T22:56:55","modified_gmt":"2026-03-05T01:56:55","slug":"un-dia-historico-y-un-gran-dia-para-atacama-core-aprueba-por-unanimidad-millonarias-inversiones-en-salud-educacion-y-desarrollo-agricola","status":"publish","type":"post","link":"https:\/\/www.radioamigavallenar.cl\/?p=99170","title":{"rendered":"Un d\u00eda hist\u00f3rico y un gran d\u00eda para atacama: core aprueba por unanimidad millonarias inversiones en salud, educaci\u00f3n y desarrollo agr\u00edcola"},"content":{"rendered":"<p class=\"x_MsoNormal\" data-olk-copy-source=\"MessageBody\">Como un d\u00eda hist\u00f3rico y un gran d\u00eda para la Regi\u00f3n de Atacama fue calificada la Sesi\u00f3n Ordinaria N\u00b005\/2026 del Consejo Regional, realizada este martes 03 de marzo de 2026, tras la aprobaci\u00f3n un\u00e1nime de tres iniciativas estrat\u00e9gicas que marcar\u00e1n el desarrollo regional durante los pr\u00f3ximos a\u00f1os.<\/p>\n<p class=\"x_MsoNormal\" style=\"text-align: center;\"><b>Convenio de Programaci\u00f3n en Salud: Inversi\u00f3n por m\u00e1s de 489 mil millones de pesos<\/b><\/p>\n<p class=\"x_MsoNormal\">El Consejo Regional de Atacama aprob\u00f3 el Convenio de Programaci\u00f3n entre el Gobierno Regional de Atacama y el Ministerio de Salud, cuyo objetivo es financiar infraestructura, adquisici\u00f3n de veh\u00edculos y equipamiento para fortalecer el sistema de salud en toda la regi\u00f3n.<\/p>\n<p class=\"x_MsoNormal\">El convenio contempla una inversi\u00f3n total de M$ 489.215.637, de los cuales:<\/p>\n<p class=\"x_MsoNormal\"><span class=\"x_MsoHyperlink\"><a title=\"https:\/\/www.google.com\/maps\/search\/M$+206.687?entry=gmail&amp;source=g\" href=\"https:\/\/www.google.com\/maps\/search\/M$+206.687?entry=gmail&amp;source=g\" target=\"_blank\" rel=\"noopener noreferrer\" data-auth=\"NotApplicable\" data-linkindex=\"0\">M$ 206.687<\/a><\/span>.870 corresponden a recursos FNDR (42%)<\/p>\n<p class=\"x_MsoNormal\">M$ 282.527.767 a recursos sectoriales (58%)<\/p>\n<p class=\"x_MsoNormal\">Este acuerdo tendr\u00e1 una vigencia de 8 a\u00f1os, desde 2026 hasta 2033.<\/p>\n<p class=\"x_MsoNormal\">\u00a0El Presidente (S) del Consejo Regional de Atacama, Consejero Regional Sr. Juan Santana, se\u00f1al\u00f3:<\/p>\n<p class=\"x_MsoNormal\">\u201cSe aprob\u00f3 un convenio de programaci\u00f3n hist\u00f3rico entre el Gobierno Regional y el Ministerio de Salud por casi 500 mil millones de pesos para ejecutar obras durante los pr\u00f3ximos 8 a\u00f1os, mejorar los hospitales, terminar el Centro Oncol\u00f3gico y avanzar en las postas rurales para quienes viven lejos de las capitales tengan una posta como se merecen y una respuesta de salud del Estado\u201d.<\/p>\n<p class=\"x_MsoNormal\" style=\"text-align: center;\"><b>Convenio de Programaci\u00f3n en Educaci\u00f3n: SLEP Huasco<\/b><\/p>\n<p class=\"x_MsoNormal\">Asimismo, el CORE aprob\u00f3 el Convenio de Programaci\u00f3n entre el Gobierno Regional de Atacama y el SLEP Huasco, destinado a financiar infraestructura, equipamiento, mobiliario y transporte escolar.<\/p>\n<p class=\"x_MsoNormal\">El monto total del convenio asciende a M$ 25.000 millones, distribuidos en partes iguales:<\/p>\n<p class=\"x_MsoNormal\">M$ 12.500 millones FNDR (50%)<\/p>\n<p class=\"x_MsoNormal\">M$ 12.500 millones recursos sectoriales (50%)<\/p>\n<p class=\"x_MsoNormal\">El Presidente (S) del Consejo Regional de Atacama, Consejero Regional Sr. Juan Santana, se\u00f1al\u00f3 Este acuerdo permitir\u00e1 mejorar el mobiliario de establecimientos educacionales de la Provincia de Huasco, fortalecer el equipamiento tecnol\u00f3gico, mejorar infraestructura y financiar la compra de buses para el traslado de estudiantes de zonas rurales.<\/p>\n<p class=\"x_MsoNormal\" aria-hidden=\"true\">\n<p class=\"x_MsoNormal\" style=\"text-align: center;\"><b>Proyecto SIPAM FAO: Desarrollo Agr\u00edcola con Identidad<\/b><\/p>\n<p class=\"x_MsoNormal\">El Consejo Regional tambi\u00e9n aprob\u00f3 el financiamiento con recursos FNDR de la iniciativa:<\/p>\n<p class=\"x_MsoNormal\">\u201cAn\u00e1lisis Postulaci\u00f3n INDAP para Territorios de Atacama \u2013 SIPAM FAO\u201d, por un monto de M$ 294.938.<\/p>\n<p class=\"x_MsoNormal\">Este proyecto desarrollar\u00e1 enfoques y metodolog\u00edas impulsadas por la FAO en el marco del programa Sistemas Importantes del Patrimonio Agr\u00edcola Mundial (SIPAM), que reconoce territorios con caracter\u00edsticas \u00fanicas de biodiversidad, recursos gen\u00e9ticos, gesti\u00f3n sustentable de recursos naturales y culturas agr\u00edcolas tradicionales.<\/p>\n<p class=\"x_MsoNormal\" aria-hidden=\"true\">\n<p class=\"x_MsoNormal\" style=\"text-align: center;\"><b>Voces del Consejo Regional<\/b><\/p>\n<p class=\"x_MsoNormal\">El Presidente de la Comisi\u00f3n de Inversiones, Consejero Sr. Fernando Ghiglino, indic\u00f3:<\/p>\n<p class=\"x_MsoNormal\">\u201cEn mi calidad de presidente de la Comisi\u00f3n de Inversiones del Consejo Regional de Atacama, me encuentro muy satisfecho con la aprobaci\u00f3n un\u00e1nime de estos convenios de programaci\u00f3n en salud por m\u00e1s de 480 mil millones de pesos y en educaci\u00f3n con el SLEP Huasco por 25 mil millones, adem\u00e1s de la declaratoria SIPAM. Es una gran apuesta del Consejo Regional que busca el bienestar de cada uno de los atacame\u00f1os, abordando iniciativas en temas tan relevantes como salud y educaci\u00f3n\u201d.<\/p>\n<p class=\"x_MsoNormal\" aria-hidden=\"true\">\n<p class=\"x_MsoNormal\"><strong>El Presidente de la Comisi\u00f3n de Salud, Consejero Sr. Igor Verdugo, se\u00f1al\u00f3:<\/strong><\/p>\n<p class=\"x_MsoNormal\">\u201cQuiero recalcar el trabajo realizado por la Comisi\u00f3n de Salud del Consejo Regional y por la Direcci\u00f3n de Salud, ya que este convenio es fruto de un trabajo conjunto con los municipios y los recintos hospitalarios de la regi\u00f3n, desde donde se levantaron las iniciativas que hoy componen este Convenio de Programaci\u00f3n. Fueron largas jornadas de trabajo para llegar a un producto que representa el sentir de la ciudadan\u00eda. En mi calidad de Presidente de la Comisi\u00f3n de Salud, realizaremos un seguimiento peri\u00f3dico de este convenio para asegurar que las iniciativas comprometidas se concreten\u201d.<\/p>\n<p class=\"x_MsoNormal\"><strong>La Consejera Regional y Presidenta de la Comisi\u00f3n Provincial Huasco, Sra. Fabiola P\u00e9rez, agreg\u00f3:<\/strong><\/p>\n<p class=\"x_MsoNormal\">\u201cEs un gran d\u00eda para Atacama. El SIPAM es un programa que impulsa la FAO a nivel mundial y que busca reconocer y salvaguardar territorios fundamentales para el futuro de la alimentaci\u00f3n y la agricultura. Actualmente existen 58 sitios SIPAM en 21 pa\u00edses del mundo. Hoy se busca declarar la Provincia de Huasco y Totoral\u201d.<\/p>\n<p class=\"x_MsoNormal\"><strong>\u00a0Por su parte, el Presidente de la Comisi\u00f3n Provincial Cha\u00f1aral, Consejero Sr. Manuel Reyes Cuello, expres\u00f3:<\/strong><\/p>\n<p class=\"x_MsoNormal\">\u201cEstos convenios de programaci\u00f3n son claves para el desarrollo de la Regi\u00f3n de Atacama tanto en salud como en educaci\u00f3n, pero no queremos que quede solo en el titular. Como consejeros vamos a hacer seguimiento a estos compromisos de cara a la ciudadan\u00eda para que estas obras se materialicen\u201d.<\/p>\n<p class=\"x_MsoNormal\"><strong>Finalmente, el Presidente de la Comisi\u00f3n de Educaci\u00f3n, Consejero Sr. Freddy Rubina, a\u00f1adi\u00f3:<\/strong><\/p>\n<p class=\"x_MsoNormal\">\u201cEl convenio de salud es una gran noticia para Atacama y su gente, as\u00ed como el convenio de educaci\u00f3n con el SLEP Huasco. Esperamos que prontamente se firme uno con el SLEP Atacama para mejorar las condiciones de infraestructura necesarias y avanzar hacia una educaci\u00f3n de calidad. Se vienen grandes desaf\u00edos con la materializaci\u00f3n de estos convenios\u201d.<\/p>\n<p class=\"x_MsoNormal\" style=\"text-align: center;\">\u00a0<b>Compromiso con el desarrollo regional<\/b><\/p>\n<p class=\"x_MsoNormal\">La aprobaci\u00f3n un\u00e1nime de estas iniciativas consolida una agenda estrat\u00e9gica de inversi\u00f3n p\u00fablica que impactar\u00e1 directamente en la calidad de vida de miles de familias atacame\u00f1as, marcando un antes y un despu\u00e9s en el desarrollo regional.<\/p>\n","protected":false},"excerpt":{"rendered":"<p>Como un d\u00eda hist\u00f3rico y un gran d\u00eda para la Regi\u00f3n de Atacama fue calificada la Sesi\u00f3n Ordinaria N\u00b005\/2026 del Consejo Regional, realizada este martes&hellip; <\/p>\n","protected":false},"author":7,"featured_media":99171,"comment_status":"closed","ping_status":"closed","sticky":false,"template":"","format":"standard","meta":{"footnotes":""},"categories":[7],"tags":[],"class_list":["post-99170","post","type-post","status-publish","format-standard","has-post-thumbnail","hentry","category-atacama"],"_links":{"self":[{"href":"https:\/\/www.radioamigavallenar.cl\/index.php?rest_route=\/wp\/v2\/posts\/99170","targetHints":{"allow":["GET"]}}],"collection":[{"href":"https:\/\/www.radioamigavallenar.cl\/index.php?rest_route=\/wp\/v2\/posts"}],"about":[{"href":"https:\/\/www.radioamigavallenar.cl\/index.php?rest_route=\/wp\/v2\/types\/post"}],"author":[{"embeddable":true,"href":"https:\/\/www.radioamigavallenar.cl\/index.php?rest_route=\/wp\/v2\/users\/7"}],"replies":[{"embeddable":true,"href":"https:\/\/www.radioamigavallenar.cl\/index.php?rest_route=%2Fwp%2Fv2%2Fcomments&post=99170"}],"version-history":[{"count":1,"href":"https:\/\/www.radioamigavallenar.cl\/index.php?rest_route=\/wp\/v2\/posts\/99170\/revisions"}],"predecessor-version":[{"id":99172,"href":"https:\/\/www.radioamigavallenar.cl\/index.php?rest_route=\/wp\/v2\/posts\/99170\/revisions\/99172"}],"wp:featuredmedia":[{"embeddable":true,"href":"https:\/\/www.radioamigavallenar.cl\/index.php?rest_route=\/wp\/v2\/media\/99171"}],"wp:attachment":[{"href":"https:\/\/www.radioamigavallenar.cl\/index.php?rest_route=%2Fwp%2Fv2%2Fmedia&parent=99170"}],"wp:term":[{"taxonomy":"category","embeddable":true,"href":"https:\/\/www.radioamigavallenar.cl\/index.php?rest_route=%2Fwp%2Fv2%2Fcategories&post=99170"},{"taxonomy":"post_tag","embeddable":true,"href":"https:\/\/www.radioamigavallenar.cl\/index.php?rest_route=%2Fwp%2Fv2%2Ftags&post=99170"}],"curies":[{"name":"wp","href":"https:\/\/api.w.org\/{rel}","templated":true}]}}