{"id":99166,"date":"2026-03-05T00:00:04","date_gmt":"2026-03-05T03:00:04","guid":{"rendered":"https:\/\/www.radioamigavallenar.cl\/?p=99166"},"modified":"2026-03-04T22:51:23","modified_gmt":"2026-03-05T01:51:23","slug":"operativo-intersectorial-en-sector-alto-de-copiapo-deja-prohibicion-de-funcionamiento-incautacion-de-alcohol-y-detenidos","status":"publish","type":"post","link":"https:\/\/www.radioamigavallenar.cl\/?p=99166","title":{"rendered":"Operativo intersectorial en sector alto de Copiap\u00f3 deja prohibici\u00f3n de funcionamiento, incautaci\u00f3n de alcohol y detenidos"},"content":{"rendered":"<p>\u00b7 Fiscalizaci\u00f3n coordinada por la Seremi de Seguridad P\u00fablica permiti\u00f3 detectar graves incumplimientos sanitarios, infracciones tributarias, comercio informal y situaciones migratorias irregulares en locales del sector tomas de Andacollo.<\/p>\n<p>Con el objetivo de fortalecer la seguridad y resguardar la salud de la comunidad, distintas instituciones p\u00fablicas realizaron un operativo de fiscalizaci\u00f3n intersectorial en el sector alto de la comuna de Copiap\u00f3, espec\u00edficamente en el sector de las tomas de Andacollo. La intervenci\u00f3n fue coordinada por la Seremi de Seguridad P\u00fablica y se desarroll\u00f3 a solicitud de la Seremi de Salud de Atacama, ante la necesidad de reforzar la fiscalizaci\u00f3n de locales que elaboran y comercializan alimentos en el sector.<\/p>\n<p>En el procedimiento participaron Carabineros de Chile, Polic\u00eda de Investigaciones (PDI), equipos de la Seremi de Salud, el Servicio de Impuestos Internos (SII) y la Direcci\u00f3n de Seguridad P\u00fablica del Municipio de Copiap\u00f3, contando adem\u00e1s con apoyo a\u00e9reo mediante dron de Carabineros, lo que permiti\u00f3 realizar una intervenci\u00f3n coordinada y efectiva en el territorio.<\/p>\n<p>El despliegue permiti\u00f3 retirar de circulaci\u00f3n productos que se comercializaban en mal estado y que representaban un riesgo para la ciudadan\u00eda. Asimismo, se cursaron multas tributarias e infracciones sanitarias, se concret\u00f3 la detenci\u00f3n de tres personas con \u00f3rdenes vigentes y se realiz\u00f3 la incautaci\u00f3n de alcohol que no contaba con autorizaci\u00f3n para su venta.<\/p>\n<p>Sobre ello, la Seremi de Seguridad P\u00fablica de Atacama, Lorna Bown, se\u00f1al\u00f3 que este tipo de intervenciones forman parte de una estrategia de trabajo coordinado entre instituciones para fortalecer la presencia del Estado en el territorio. \u201cCuando las polic\u00edas, los servicios p\u00fablicos y los municipios actuamos de manera articulada, respondemos de forma concreta a lo que nos demanda la comunidad: m\u00e1s seguridad, mayor control y cumplimiento de la normativa en todos los sectores de la ciudad\u201d.<\/p>\n<p>Desde el \u00e1mbito sanitario, la Seremi de Salud de Atacama, J\u00e9ssica Rojas, inform\u00f3 que \u201ccomo Autoridad Sanitaria regional, nuestro deber es proteger la salud de la poblaci\u00f3n, por lo que actuamos con firmeza cuando se identifican situaciones que representan un riesgo para la comunidad. En esa l\u00ednea, esta fiscalizaci\u00f3n logr\u00f3 cursar cinco<\/p>\n<p>sumarios sanitarios y cinco prohibiciones de funcionamiento, adem\u00e1s del decomiso de m\u00e1s de 200 kilos de alimentos en mal estado, principalmente productos c\u00e1rneos.\u201d.<\/p>\n<p>Por su parte, el alcalde de Copiap\u00f3, Maglio Cicardini, expres\u00f3: \u201cHemos asumido con responsabilidad nuestro rol, trabajando de manera articulada con las polic\u00edas y los distintos servicios p\u00fablicos, junto a nuestro personal de Seguridad Municipal. La seguridad no se declara, se ejerce con presencia y acciones concretas en el territorio, desarrollando rondas focalizadas en sectores estrat\u00e9gicos como Juan Pablo II, el casco hist\u00f3rico y Andacollo. En este \u00faltimo sector se realizaron detenciones, m\u00e1s de 200 controles preventivos y decomisos de alimentos y alcoholes que no cumpl\u00edan la normativa. Estos resultados reflejan que, cuando municipio, polic\u00edas y servicios act\u00faan unidos, avanzamos en recuperar espacios y entregar mayor tranquilidad a nuestros vecinos.\u201d<\/p>\n<p>En materia tributaria, el jefe del Departamento de Fiscalizaci\u00f3n del Servicio de Impuestos Internos, John Madariaga, agradeci\u00f3 el trabajo realizado, se\u00f1alando que \u201cel trabajo coordinado con otras instituciones y con apoyo policial facilita realizar controles que muchas veces resultan complejos de manera individual, asegurando adem\u00e1s el cumplimiento de las obligaciones tributarias por parte de los comercios\u201d<\/p>\n<p>Desde Carabineros de Chile tambi\u00e9n destacaron el impacto del operativo en la prevenci\u00f3n de delitos en el sector. \u201cA trav\u00e9s de estas fiscalizaciones y controles se logr\u00f3 incautar bebidas alcoh\u00f3licas que no contaban con autorizaci\u00f3n para su venta, por lo que los responsables fueron infraccionados y citados al respectivo juzgado de polic\u00eda local de Copiap\u00f3. Seguiremos desarrollando rondas y operativos en este sector para prevenir delitos y entregar mayor seguridad a la comunidad\u201d, se\u00f1al\u00f3 el capit\u00e1n de Carabineros Marco Cornejo.<\/p>\n<p>Finalmente, el jefe del Demig Copiap\u00f3, subprefecto Leonardo Contreras, relev\u00f3: \u201cDetectives del Departamento de Migraciones y Polic\u00eda Internacional (Demig) de la PDI Copiap\u00f3, fueron parte de esta fiscalizaci\u00f3n llevada a cabo en las tomas de Andacollo en nuestro rol de control migratorio, controlando a ciudadanos extranjeros. Las diligencias llevadas a cabo nos permitieron denunciar a una persona al Servicio Nacional de Migraciones por infracci\u00f3n a la Ley de Migraci\u00f3n y Extranjer\u00eda, tras ingresar al pa\u00eds por pasos no habilitados. Es importante que como PDI seamos parte de estas iniciativas multisectoriales, donde entregamos una importante se\u00f1al a la comunidad, llegando en el cumplimiento de nuestra labor policial a todos los sectores de la comuna\u201d.<\/p>\n<p>Desde las distintas instituciones p\u00fablicas, se hace el llamado a la ciudadan\u00eda a denunciar situaciones irregulares a trav\u00e9s de los canales oficiales, contribuyendo as\u00ed a la fiscalizaci\u00f3n, el orden y la protecci\u00f3n de los distintos sectores de la comuna.<\/p>\n","protected":false},"excerpt":{"rendered":"<p>\u00b7 Fiscalizaci\u00f3n coordinada por la Seremi de Seguridad P\u00fablica permiti\u00f3 detectar graves incumplimientos sanitarios, infracciones tributarias, comercio informal y situaciones migratorias irregulares en locales del&hellip; <\/p>\n","protected":false},"author":7,"featured_media":99168,"comment_status":"closed","ping_status":"closed","sticky":false,"template":"","format":"standard","meta":{"footnotes":""},"categories":[38],"tags":[],"class_list":["post-99166","post","type-post","status-publish","format-standard","has-post-thumbnail","hentry","category-portada-regional"],"_links":{"self":[{"href":"https:\/\/www.radioamigavallenar.cl\/index.php?rest_route=\/wp\/v2\/posts\/99166","targetHints":{"allow":["GET"]}}],"collection":[{"href":"https:\/\/www.radioamigavallenar.cl\/index.php?rest_route=\/wp\/v2\/posts"}],"about":[{"href":"https:\/\/www.radioamigavallenar.cl\/index.php?rest_route=\/wp\/v2\/types\/post"}],"author":[{"embeddable":true,"href":"https:\/\/www.radioamigavallenar.cl\/index.php?rest_route=\/wp\/v2\/users\/7"}],"replies":[{"embeddable":true,"href":"https:\/\/www.radioamigavallenar.cl\/index.php?rest_route=%2Fwp%2Fv2%2Fcomments&post=99166"}],"version-history":[{"count":1,"href":"https:\/\/www.radioamigavallenar.cl\/index.php?rest_route=\/wp\/v2\/posts\/99166\/revisions"}],"predecessor-version":[{"id":99169,"href":"https:\/\/www.radioamigavallenar.cl\/index.php?rest_route=\/wp\/v2\/posts\/99166\/revisions\/99169"}],"wp:featuredmedia":[{"embeddable":true,"href":"https:\/\/www.radioamigavallenar.cl\/index.php?rest_route=\/wp\/v2\/media\/99168"}],"wp:attachment":[{"href":"https:\/\/www.radioamigavallenar.cl\/index.php?rest_route=%2Fwp%2Fv2%2Fmedia&parent=99166"}],"wp:term":[{"taxonomy":"category","embeddable":true,"href":"https:\/\/www.radioamigavallenar.cl\/index.php?rest_route=%2Fwp%2Fv2%2Fcategories&post=99166"},{"taxonomy":"post_tag","embeddable":true,"href":"https:\/\/www.radioamigavallenar.cl\/index.php?rest_route=%2Fwp%2Fv2%2Ftags&post=99166"}],"curies":[{"name":"wp","href":"https:\/\/api.w.org\/{rel}","templated":true}]}}