{"id":99162,"date":"2026-03-04T11:44:27","date_gmt":"2026-03-04T14:44:27","guid":{"rendered":"https:\/\/www.radioamigavallenar.cl\/?p=99162"},"modified":"2026-03-04T12:46:52","modified_gmt":"2026-03-04T15:46:52","slug":"sala-de-la-camara-despacha-a-ley-subsidio-unificado-al-empleo-sue-ministro-boccardo-y-seremi-s-dissa-castellani-destacan-su-importancia-en-promover-el-trabajo-decente-y-formal","status":"publish","type":"post","link":"https:\/\/www.radioamigavallenar.cl\/?p=99162","title":{"rendered":"Sala de la C\u00e1mara despacha a Ley Subsidio Unificado al Empleo (SUE): ministro Boccardo y Seremi (s) Dissa Castellani destacan su importancia en promover el Trabajo Decente y formal"},"content":{"rendered":"<p>La Sala de la C\u00e1mara de Diputadas y Diputados aprob\u00f3 y despach\u00f3 a ley el proyecto que crea un nuevo sistema de Subsidio Unificado al Empleo (SUE), lo que fue valorado por el ministro del Trabajo y Previsi\u00f3n Social, Giorgio Boccardo y la Seremi (S) del Trabajo y Previsi\u00f3n Social, Dissa Castellani Mart\u00ednez, tras la sesi\u00f3n realizada en el Congreso Nacional, y que cont\u00f3 con la presencia del Subsecretario del Trabajo, Pablo Chac\u00f3n.<\/p>\n<p>\u201cHoy damos un paso muy importante para el empleo en Chile. Hemos aprobado de manera un\u00e1nime, en su tercer tr\u00e1mite, el Subsidio Unificado al Empleo, una herramienta moderna y responsable que apoya directamente a quienes m\u00e1s lo necesitan: j\u00f3venes, mujeres, personas mayores de 55 a\u00f1os, personas con discapacidad y, muy especialmente, a las peque\u00f1as y medianas empresas\u201d, se\u00f1al\u00f3 el ministro Boccardo.<\/p>\n<p>Asimismo, el titular de Trabajo y Previsi\u00f3n Social relev\u00f3 la importancia de esta nueva ley para mejorar la empleabilidad de las y los chilenos: \u201cAhora, el Estado de Chile contar\u00e1 con una mejor herramienta de pol\u00edtica p\u00fablica para enfrentar contingencias. Es una herramienta flexible, que permite actuar a tiempo, facilitar la contrataci\u00f3n y promover empleos con condiciones de Trabajo Decente, especialmente en las empresas de menor tama\u00f1o\u201d.<\/p>\n<p>El secretario de Estado valor\u00f3 el apoyo legislativo a la iniciativa, ya que permitir\u00e1 realizar importantes cambios para reordenar y mejorar los beneficios de los subsidios que administra el Servicio Nacional de Capacitaci\u00f3n y Empleo (Sence).<\/p>\n<p>&nbsp;<\/p>\n<p style=\"text-align: center;\"><strong>Permite mejorar la empleabilidad<\/strong><\/p>\n<p>&nbsp;<\/p>\n<p>La directora nacional de SENCE, Romanina Morales, dio cuenta de los beneficios para los grupos beneficiarios del SUE: \u201cEsta ley representa un paso decisivo hacia una pol\u00edtica laboral m\u00e1s simple, focalizada y efectiva, que responde a las necesidades reales de las personas con mayores barreras para acceder al empleo formal. Su implementaci\u00f3n ser\u00e1 liderada por SENCE, que ya est\u00e1 preparando los ajustes tecnol\u00f3gicos y operativos necesarios para asegurar una puesta en marcha ordenada, oportuna y transparente\u201d.<\/p>\n<p>En r\u00e9gimen, se estima una cobertura anual de cerca de 685 mil trabajadores, de los cuales cerca de 200 mil acceder\u00e1n al beneficio de forma dual junto a su empleador.<\/p>\n<p>Entre los objetivos de la iniciativa est\u00e1 aumentar la empleabilidad formal de mujeres, j\u00f3venes (entre 18 y 24 a\u00f1os), personas mayores (de 55 a\u00f1os o m\u00e1s) y personas con<\/p>\n<p>discapacidad; promover la contrataci\u00f3n dentro de los est\u00e1ndares del trabajo decente, apoyando con m\u00e1s recursos a todas aquellas empresas que generan nuevos empleos dentro de dicho est\u00e1ndar, es decir, con seguridad social y derechos laborales. La mejora de los beneficios y el destino a dichas empresas y trabajadores implica un uso eficiente de los recursos p\u00fablicos.<\/p>\n<p>&nbsp;<\/p>\n<p style=\"text-align: center;\"><strong>Detalles del Subsidio Unificado al Empleo<\/strong><\/p>\n<p>&nbsp;<\/p>\n<p>Al respecto, la Seremi (s) del Trabajo y Previsi\u00f3n Social de Atacama, Dissa Castellani Mart\u00ednez, entreg\u00f3 mayores detalles del SUE, explicando que \u201cbusca modernizar y simplificar el actual sistema, unificando los recursos destinado actualmente al Subsidio al Empleo Joven (SEJ), el Bono al Trabajo de la Mujer (BTM) y el Subsidio Previsional para Trabajadores J\u00f3venes, con el objetivo de avanzar en un uso m\u00e1s eficiente de los recursos p\u00fablicos y materializar un instrumento concreto para la creaci\u00f3n de empleo formal, especialmente para los grupos que enfrentan mayores dificultades para acceder al mercado laboral, tales como mujeres, j\u00f3venes, personas mayores de 55 a\u00f1os y personas con discapacidad. Adem\u00e1s, de contener un enfoque en las peque\u00f1as y medianas empresas, para facilitar nuevas contrataciones formales\u201d, concluy\u00f3.<\/p>\n<p>Se espera que esta iniciativa reemplace y simplifique tres programas hist\u00f3ricos que hoy existen de forma separada: el Subsidio al Empleo Joven (SEJ), el Bono al Trabajo de la Mujer (BTM) y el Subsidio Previsional para Trabajadores J\u00f3venes. Con este redise\u00f1o, se proyecta aumentar significativamente los montos de apoyo, con un subsidio combinado de hasta $185.000 mensuales entre empleador y trabajador.<\/p>\n<p>Otra de las innovaciones del Subsidio Unificado de Empleo es que contar\u00e1 con flexibilidad normativa, permitiendo ajustes futuros de los par\u00e1metros sin necesidad de reformar la ley cada vez que el mercado laboral cambie. El beneficio consiste en una transferencia monetaria mensual dirigida a empleadores y trabajadores para incentivar nuevas contrataciones formales en empresas.<\/p>\n<p>Adem\u00e1s de pertenecer a los grupos mencionados, la focalizaci\u00f3n se centra en trabajadores vulnerables y con per\u00edodos largos de desempleo o sin experiencia laboral.<\/p>\n","protected":false},"excerpt":{"rendered":"<p>La Sala de la C\u00e1mara de Diputadas y Diputados aprob\u00f3 y despach\u00f3 a ley el proyecto que crea un nuevo sistema de Subsidio Unificado al&hellip; <\/p>\n","protected":false},"author":7,"featured_media":99163,"comment_status":"closed","ping_status":"closed","sticky":false,"template":"","format":"standard","meta":{"footnotes":""},"categories":[7],"tags":[],"class_list":["post-99162","post","type-post","status-publish","format-standard","has-post-thumbnail","hentry","category-atacama"],"_links":{"self":[{"href":"https:\/\/www.radioamigavallenar.cl\/index.php?rest_route=\/wp\/v2\/posts\/99162","targetHints":{"allow":["GET"]}}],"collection":[{"href":"https:\/\/www.radioamigavallenar.cl\/index.php?rest_route=\/wp\/v2\/posts"}],"about":[{"href":"https:\/\/www.radioamigavallenar.cl\/index.php?rest_route=\/wp\/v2\/types\/post"}],"author":[{"embeddable":true,"href":"https:\/\/www.radioamigavallenar.cl\/index.php?rest_route=\/wp\/v2\/users\/7"}],"replies":[{"embeddable":true,"href":"https:\/\/www.radioamigavallenar.cl\/index.php?rest_route=%2Fwp%2Fv2%2Fcomments&post=99162"}],"version-history":[{"count":1,"href":"https:\/\/www.radioamigavallenar.cl\/index.php?rest_route=\/wp\/v2\/posts\/99162\/revisions"}],"predecessor-version":[{"id":99164,"href":"https:\/\/www.radioamigavallenar.cl\/index.php?rest_route=\/wp\/v2\/posts\/99162\/revisions\/99164"}],"wp:featuredmedia":[{"embeddable":true,"href":"https:\/\/www.radioamigavallenar.cl\/index.php?rest_route=\/wp\/v2\/media\/99163"}],"wp:attachment":[{"href":"https:\/\/www.radioamigavallenar.cl\/index.php?rest_route=%2Fwp%2Fv2%2Fmedia&parent=99162"}],"wp:term":[{"taxonomy":"category","embeddable":true,"href":"https:\/\/www.radioamigavallenar.cl\/index.php?rest_route=%2Fwp%2Fv2%2Fcategories&post=99162"},{"taxonomy":"post_tag","embeddable":true,"href":"https:\/\/www.radioamigavallenar.cl\/index.php?rest_route=%2Fwp%2Fv2%2Ftags&post=99162"}],"curies":[{"name":"wp","href":"https:\/\/api.w.org\/{rel}","templated":true}]}}