{"id":99160,"date":"2026-03-04T12:17:07","date_gmt":"2026-03-04T15:17:07","guid":{"rendered":"https:\/\/www.radioamigavallenar.cl\/?p=99160"},"modified":"2026-03-04T12:17:07","modified_gmt":"2026-03-04T15:17:07","slug":"dolar-respira-tras-turbulentas-sesiones-cae-10-esta-manana-y-baja-de-los-900","status":"publish","type":"post","link":"https:\/\/www.radioamigavallenar.cl\/?p=99160","title":{"rendered":"D\u00f3lar respira tras turbulentas sesiones: Cae $10 esta ma\u00f1ana y baja de los $900"},"content":{"rendered":"<p>El d\u00f3lar en Chile anota un respiro este mi\u00e9rcoles luego de dos fren\u00e9ticas sesiones producto de la guerra en Medio Oriente,<strong>\u00a0en las que acumul\u00f3 una poderosa alza de $37,7 y borr\u00f3 toda la baja registrada durante 2026.<\/strong><\/p>\n<p>A las 09.38 horas de hoy,\u00a0<strong>el billete verde ced\u00eda de forma importante $10,7, quedando en puntas de $899 vendedor y $898,57 comprador.<\/strong><\/p>\n<p>\u00abEl retroceso se produce tras la fuerte volatilidad observada en las sesiones anteriores y responde principalmente a una recuperaci\u00f3n del cobre que entrega algo de soporte al peso chileno\u00bb, coment\u00f3\u00a0<strong>Felipe Sep\u00falveda,<\/strong>\u00a0analista jefe de Admirals Latinoam\u00e9rica.<\/p>\n<p>\u00abEl metal rojo sube 1,62% hasta US$5,9 la libra, recuperando parte de las p\u00e9rdidas de los \u00faltimos d\u00edas y siguiendo el rebote generalizado en el mercado de metales. La correcci\u00f3n se produce luego de que el cobre fuera presionado por el fortalecimiento del d\u00f3lar y por los temores de que el conflicto en Medio Oriente afecte la demanda manufacturera global debido al encarecimiento de la energ\u00eda\u00bb, agreg\u00f3.<\/p>\n<p>De todas formas, el analista vislumbra una alta volatilidad para el tipo de cambio, el cual se situar\u00eda -seg\u00fan proyecta- en un rango de entre $892 y $905, lo que depender\u00e1 del desarrollo del conflicto b\u00e9lico.<\/p>\n<p>Mientras que\u00a0<strong>Liza Salinas, analista de Liberty Finance,\u00a0<\/strong>indic\u00f3 que \u00abcualquier se\u00f1al diplom\u00e1tica entre Washington y Teher\u00e1n mover\u00eda el tipo de cambio en $15-$25 en minutos\u00bb, a\u00f1adiendo que \u00abt\u00e9cnicamente el soporte se ubico en $895-$898 y la resistencia en $905-$910\u00bb.<\/p>\n<p>\u00abLa correcci\u00f3n de apertura sugiere que el mercado est\u00e1 procesando el anuncio de Trump sobre escolta naval al Estrecho, pero sin convicci\u00f3n: mientras Ir\u00e1n no entregue se\u00f1ales concretas de apertura del tr\u00e1fico mar\u00edtimo, el sesgo del d\u00f3lar sigue siendo alcista\u00bb, cerr\u00f3.<\/p>\n","protected":false},"excerpt":{"rendered":"<p>El d\u00f3lar en Chile anota un respiro este mi\u00e9rcoles luego de dos fren\u00e9ticas sesiones producto de la guerra en Medio Oriente,\u00a0en las que acumul\u00f3 una&hellip; <\/p>\n","protected":false},"author":7,"featured_media":98113,"comment_status":"closed","ping_status":"closed","sticky":false,"template":"","format":"standard","meta":{"footnotes":""},"categories":[37],"tags":[],"class_list":["post-99160","post","type-post","status-publish","format-standard","has-post-thumbnail","hentry","category-nacional"],"_links":{"self":[{"href":"https:\/\/www.radioamigavallenar.cl\/index.php?rest_route=\/wp\/v2\/posts\/99160","targetHints":{"allow":["GET"]}}],"collection":[{"href":"https:\/\/www.radioamigavallenar.cl\/index.php?rest_route=\/wp\/v2\/posts"}],"about":[{"href":"https:\/\/www.radioamigavallenar.cl\/index.php?rest_route=\/wp\/v2\/types\/post"}],"author":[{"embeddable":true,"href":"https:\/\/www.radioamigavallenar.cl\/index.php?rest_route=\/wp\/v2\/users\/7"}],"replies":[{"embeddable":true,"href":"https:\/\/www.radioamigavallenar.cl\/index.php?rest_route=%2Fwp%2Fv2%2Fcomments&post=99160"}],"version-history":[{"count":1,"href":"https:\/\/www.radioamigavallenar.cl\/index.php?rest_route=\/wp\/v2\/posts\/99160\/revisions"}],"predecessor-version":[{"id":99161,"href":"https:\/\/www.radioamigavallenar.cl\/index.php?rest_route=\/wp\/v2\/posts\/99160\/revisions\/99161"}],"wp:featuredmedia":[{"embeddable":true,"href":"https:\/\/www.radioamigavallenar.cl\/index.php?rest_route=\/wp\/v2\/media\/98113"}],"wp:attachment":[{"href":"https:\/\/www.radioamigavallenar.cl\/index.php?rest_route=%2Fwp%2Fv2%2Fmedia&parent=99160"}],"wp:term":[{"taxonomy":"category","embeddable":true,"href":"https:\/\/www.radioamigavallenar.cl\/index.php?rest_route=%2Fwp%2Fv2%2Fcategories&post=99160"},{"taxonomy":"post_tag","embeddable":true,"href":"https:\/\/www.radioamigavallenar.cl\/index.php?rest_route=%2Fwp%2Fv2%2Ftags&post=99160"}],"curies":[{"name":"wp","href":"https:\/\/api.w.org\/{rel}","templated":true}]}}