{"id":99157,"date":"2026-03-04T12:14:49","date_gmt":"2026-03-04T15:14:49","guid":{"rendered":"https:\/\/www.radioamigavallenar.cl\/?p=99157"},"modified":"2026-03-04T12:15:27","modified_gmt":"2026-03-04T15:15:27","slug":"cataldo-lamenta-publicidad-de-querella-por-injurias-del-exdirector-de-slep-atacama-contra-el-presidente-boric","status":"publish","type":"post","link":"https:\/\/www.radioamigavallenar.cl\/?p=99157","title":{"rendered":"Cataldo lamenta \u00abpublicidad\u00bb de querella por injurias del exdirector de SLEP Atacama contra el Presidente Boric"},"content":{"rendered":"<p>El exdirector del SLEP de Atacama que fue destituido por una pol\u00e9mica fiesta,\u00a0<strong>Daslav Mihovilovic,<\/strong>\u00a0present\u00f3 una querella por injurias contra el Presidente Gabriel Boric. Al respecto, el ministro de Educaci\u00f3n,\u00a0<strong>Nicol\u00e1s Cataldo,<\/strong>\u00a0afirm\u00f3 que espera que el proceso<strong>\u00a0se conduzca \u00absin tanta publicidad\u00bb.<\/strong><\/p>\n<p>Mihovilovic fue destituido a comienzos de enero luego de que se viralizara una\u00a0<strong>celebraci\u00f3n institucional que incluy\u00f3 bar abierto, c\u00e1mara 360\u00b0 y el traslado de funcionarios en una limusina<\/strong>, todo esto en un contexto de denuncias por falta de infraestructura y problemas de calidad en establecimientos p\u00fablicos de Atacama.<\/p>\n<p>Tras conocerse el hecho, Boric se\u00f1al\u00f3 en una actividad p\u00fablica\u00a0<strong>\u00abqu\u00e9 bueno que echamos al director del SLEP, porque no he conocido a una persona m\u00e1s descriteriada.\u00a0<\/strong>De los descriterios m\u00e1s grandes que he visto\u00bb, lo que provoc\u00f3 que Mihovilovic presentara la denuncia.<\/p>\n<p>Consultado sobre el tema, Cataldo afirm\u00f3 que \u00abnosotros hemos planteado que no nos parece la actividad, sobre todo en su forma, en c\u00f3mo se implementa. Hay muchas dudas. De hecho, los antecedentes est\u00e1n investig\u00e1ndose tambi\u00e9n para detectar si hubo alguna irregularidad a pesar de que tenemos m\u00e1s o menos la certeza de que no hubo recursos p\u00fablicos involucrados.\u00a0<strong>De todas maneras, son temas que hay que investigar\u00bb.<\/strong><\/p>\n<p>\u00abLa decisi\u00f3n que toma esta persona respecto a querellarse en contra del Presidente, no s\u00e9 si contra m\u00ed o contra otras personas, es una decisi\u00f3n que est\u00e1 en su leg\u00edtimo derecho. Eso tiene que resolverse en tribunales (&#8230;) esperamos que efectivamente eso se conduzca de la mejor manera.\u00a0<strong>Y ojal\u00e1, yo dir\u00eda, sin tanta publicidad. Creo que son temas delicados\u00bb<\/strong>, mencion\u00f3.<\/p>\n<p>Asimismo, el titular de Educaci\u00f3n sostuvo que \u00abme imagino que esta persona debe sentir afectada su honra. El Presidente tiene una evaluaci\u00f3n pol\u00edtica sobre esta persona\u00a0<strong>y la hizo en un contexto donde no hubo publicidad al respecto\u00bb.<\/strong><\/p>\n<p>\u00abYo lamento que estas cosas sigan escalando, solo enredan y enturbian m\u00e1s algo que es bien sencillo. Alguien cometi\u00f3 un error y como cualquier persona en sus roles, se le eval\u00faa y en este caso se le pide el cargo.\u00a0<strong>Entonces, no veo el drama en el asunto\u00bb,<\/strong>\u00a0desdramatiz\u00f3 el ministro.<\/p>\n<p>Adem\u00e1s, confirm\u00f3 que Mihovilovic \u00abefectivamente me invit\u00f3 a la celebraci\u00f3n del aniversario. Ahora, jam\u00e1s se me plante\u00f3 que iba a tener determinadas caracter\u00edsticas.<strong>\u00a0Por lo dem\u00e1s, no fui.\u00a0<\/strong>De hecho, no estuvo ni siquiera planificado en mi agenda haber ido. Y si tengo razones para ir a Atacama, no habr\u00eda sido el aniversario del Servicio Local (&#8230;) estuve muchas veces en Atacama por trabajo, en general, por contextos de conflictos\u00bb.<\/p>\n<p>Finalmente, enfatiz\u00f3 en que el exdirector del SLEP \u00abest\u00e1 en su leg\u00edtimo derecho de tomar las acciones que estime conveniente.\u00a0<strong>A m\u00ed, al menos, no me han notificado nada. No s\u00e9 si soy parte de esa querella o no, parece que solo el Presidente<\/strong>\u00a0(&#8230;) y no puedo tener postura porque es otro poder y es un derecho que tiene cualquier ciudadano el querellarse. Entonces,\u00a0<strong>no ser\u00eda prudente que yo, como autoridad de Gobierno, ejerza una opini\u00f3n\u00bb.<\/strong><\/p>\n","protected":false},"excerpt":{"rendered":"<p>El exdirector del SLEP de Atacama que fue destituido por una pol\u00e9mica fiesta,\u00a0Daslav Mihovilovic,\u00a0present\u00f3 una querella por injurias contra el Presidente Gabriel Boric. Al respecto,&hellip; <\/p>\n","protected":false},"author":7,"featured_media":99158,"comment_status":"closed","ping_status":"closed","sticky":false,"template":"","format":"standard","meta":{"footnotes":""},"categories":[7],"tags":[],"class_list":["post-99157","post","type-post","status-publish","format-standard","has-post-thumbnail","hentry","category-atacama"],"_links":{"self":[{"href":"https:\/\/www.radioamigavallenar.cl\/index.php?rest_route=\/wp\/v2\/posts\/99157","targetHints":{"allow":["GET"]}}],"collection":[{"href":"https:\/\/www.radioamigavallenar.cl\/index.php?rest_route=\/wp\/v2\/posts"}],"about":[{"href":"https:\/\/www.radioamigavallenar.cl\/index.php?rest_route=\/wp\/v2\/types\/post"}],"author":[{"embeddable":true,"href":"https:\/\/www.radioamigavallenar.cl\/index.php?rest_route=\/wp\/v2\/users\/7"}],"replies":[{"embeddable":true,"href":"https:\/\/www.radioamigavallenar.cl\/index.php?rest_route=%2Fwp%2Fv2%2Fcomments&post=99157"}],"version-history":[{"count":1,"href":"https:\/\/www.radioamigavallenar.cl\/index.php?rest_route=\/wp\/v2\/posts\/99157\/revisions"}],"predecessor-version":[{"id":99159,"href":"https:\/\/www.radioamigavallenar.cl\/index.php?rest_route=\/wp\/v2\/posts\/99157\/revisions\/99159"}],"wp:featuredmedia":[{"embeddable":true,"href":"https:\/\/www.radioamigavallenar.cl\/index.php?rest_route=\/wp\/v2\/media\/99158"}],"wp:attachment":[{"href":"https:\/\/www.radioamigavallenar.cl\/index.php?rest_route=%2Fwp%2Fv2%2Fmedia&parent=99157"}],"wp:term":[{"taxonomy":"category","embeddable":true,"href":"https:\/\/www.radioamigavallenar.cl\/index.php?rest_route=%2Fwp%2Fv2%2Fcategories&post=99157"},{"taxonomy":"post_tag","embeddable":true,"href":"https:\/\/www.radioamigavallenar.cl\/index.php?rest_route=%2Fwp%2Fv2%2Ftags&post=99157"}],"curies":[{"name":"wp","href":"https:\/\/api.w.org\/{rel}","templated":true}]}}