{"id":99154,"date":"2026-03-04T12:12:22","date_gmt":"2026-03-04T15:12:22","guid":{"rendered":"https:\/\/www.radioamigavallenar.cl\/?p=99154"},"modified":"2026-03-04T12:12:22","modified_gmt":"2026-03-04T15:12:22","slug":"boric-esta-dispuesto-a-retomar-inmediatamente-las-reuniones-de-traspaso-de-mando","status":"publish","type":"post","link":"https:\/\/www.radioamigavallenar.cl\/?p=99154","title":{"rendered":"Boric est\u00e1 dispuesto a \u00abretomar inmediatamente\u00bb las reuniones de traspaso de mando"},"content":{"rendered":"<p><strong>El Presidente Gabriel Boric manifest\u00f3 ayer su \u00abdisposici\u00f3n absoluta\u00bb para \u00abretomar inmediatamente las reuniones de traspaso de mando\u00bb<\/strong>, canceladas desde ayer por parte del Mandatario electo, Jos\u00e9 Antonio Kast, tras el\u00a0entredicho que tuvieron los equipos de ambos a causa del proyecto de cable que busca unir Chile con China.<\/p>\n<p>La relaci\u00f3n entre el<strong>\u00a0gobierno saliente y el equipo entrante se tension\u00f3 a pocos d\u00edas del cambio de mando<\/strong>, tras una breve reuni\u00f3n en La Moneda. Kast solicit\u00f3 una aclaraci\u00f3n p\u00fablica sobre la entrega de antecedentes del proyecto de\u00a0cable submarino con China\u00a0que, a su juicio, no fue transparente, y ante la negativa\u00a0<strong>decidi\u00f3 suspender las reuniones bilaterales y dar por terminado el proceso formal de traspaso<\/strong>, argumentando\u00a0falta de confianza en la informaci\u00f3n proporcionada por el Ejecutivo.<\/p>\n<p>Durante una actividad en la Regi\u00f3n de Magallanes, el Jefe de Estado afirm\u00f3 que \u00ab<strong>un Presidente de la Rep\u00fablica, sea quien sea, tiene que estar siempre pensando en Chile<\/strong>. Y Chile no est\u00e1 para peleas chicas; los chilenos y chilenas exigen que sus\u00a0autoridades tengamos una visi\u00f3n de largo plazo\u00a0y que estemos a la altura de nuestras responsabilidades\u00bb.<\/p>\n<p>\u00ab<strong>Eso implica siempre poner por delante de las diferencias personales, de las diferencias pol\u00edticas, el inter\u00e9s de Chile<\/strong>\u00ab, a\u00f1adi\u00f3.<\/p>\n<p>Por ello, plante\u00f3 que \u00ab<strong>como Presidente de la Rep\u00fablica, manifiesto mi disposici\u00f3n absoluta y la de todo mi gobierno de retomar inmediatamente las reuniones de traspaso de mando con el gobierno entrante<\/strong>. Porque m\u00e1s all\u00e1 de las tensiones, m\u00e1s all\u00e1 de las diferencias que pueda haber, m\u00e1s all\u00e1 de incluso la diferente evaluaci\u00f3n de los hechos, en Chile tenemos tradiciones republicanas que nos enorgullecen y que tengo la convicci\u00f3n que debemos honrar\u00bb.<\/p>\n<p>El\u00a0quiebre -considerado in\u00e9dito en la historia democr\u00e1tica reciente- ocurre en medio de acusaciones cruzadas por la entrega de informaci\u00f3n clave, que incluyen antecedentes sobre pol\u00edticas p\u00fablicas, situaci\u00f3n fiscal y nombramientos de \u00faltimo minuto. Mientras\u00a0<strong>Kast anunci\u00f3 la creaci\u00f3n de una unidad administrativa<\/strong>\u00a0para recopilar y auditar antecedentes antes del 11 de marzo, Boric insisti\u00f3 en que su gobierno actu\u00f3 con transparencia.<\/p>\n","protected":false},"excerpt":{"rendered":"<p>El Presidente Gabriel Boric manifest\u00f3 ayer su \u00abdisposici\u00f3n absoluta\u00bb para \u00abretomar inmediatamente las reuniones de traspaso de mando\u00bb, canceladas desde ayer por parte del Mandatario&hellip; <\/p>\n","protected":false},"author":7,"featured_media":99155,"comment_status":"closed","ping_status":"closed","sticky":false,"template":"","format":"standard","meta":{"footnotes":""},"categories":[37],"tags":[],"class_list":["post-99154","post","type-post","status-publish","format-standard","has-post-thumbnail","hentry","category-nacional"],"_links":{"self":[{"href":"https:\/\/www.radioamigavallenar.cl\/index.php?rest_route=\/wp\/v2\/posts\/99154","targetHints":{"allow":["GET"]}}],"collection":[{"href":"https:\/\/www.radioamigavallenar.cl\/index.php?rest_route=\/wp\/v2\/posts"}],"about":[{"href":"https:\/\/www.radioamigavallenar.cl\/index.php?rest_route=\/wp\/v2\/types\/post"}],"author":[{"embeddable":true,"href":"https:\/\/www.radioamigavallenar.cl\/index.php?rest_route=\/wp\/v2\/users\/7"}],"replies":[{"embeddable":true,"href":"https:\/\/www.radioamigavallenar.cl\/index.php?rest_route=%2Fwp%2Fv2%2Fcomments&post=99154"}],"version-history":[{"count":1,"href":"https:\/\/www.radioamigavallenar.cl\/index.php?rest_route=\/wp\/v2\/posts\/99154\/revisions"}],"predecessor-version":[{"id":99156,"href":"https:\/\/www.radioamigavallenar.cl\/index.php?rest_route=\/wp\/v2\/posts\/99154\/revisions\/99156"}],"wp:featuredmedia":[{"embeddable":true,"href":"https:\/\/www.radioamigavallenar.cl\/index.php?rest_route=\/wp\/v2\/media\/99155"}],"wp:attachment":[{"href":"https:\/\/www.radioamigavallenar.cl\/index.php?rest_route=%2Fwp%2Fv2%2Fmedia&parent=99154"}],"wp:term":[{"taxonomy":"category","embeddable":true,"href":"https:\/\/www.radioamigavallenar.cl\/index.php?rest_route=%2Fwp%2Fv2%2Fcategories&post=99154"},{"taxonomy":"post_tag","embeddable":true,"href":"https:\/\/www.radioamigavallenar.cl\/index.php?rest_route=%2Fwp%2Fv2%2Ftags&post=99154"}],"curies":[{"name":"wp","href":"https:\/\/api.w.org\/{rel}","templated":true}]}}