{"id":99151,"date":"2026-03-04T10:09:29","date_gmt":"2026-03-04T13:09:29","guid":{"rendered":"https:\/\/www.radioamigavallenar.cl\/?p=99151"},"modified":"2026-03-04T12:10:04","modified_gmt":"2026-03-04T15:10:04","slug":"seremi-veronica-rivera-invertimos-68-millones-para-apoyar-a-102-personas-cuidadoras-y-cuidadas-de-tierra-amarilla","status":"publish","type":"post","link":"https:\/\/www.radioamigavallenar.cl\/?p=99151","title":{"rendered":"Seremi Ver\u00f3nica Rivera: \u201cInvertimos $68 millones para apoyar a 102 personas cuidadoras y cuidadas de Tierra Amarilla\u201d"},"content":{"rendered":"<p>\u00b7 Seg\u00fan el Registro Social de Hogares del Ministerio de Desarrollo Social y Familia, m\u00e1s de 332 personas ya poseen su credencial oficial de persona cuidadora en la comuna.<\/p>\n<p>Tras la visita de la Subsecretaria de Servicios Sociales (Ministerio de Desarrollo Social y Familia), Francisca Gallegos Jara, a la regi\u00f3n de Atacama; la Seremi Ver\u00f3nica Rivera Reynoso, valor\u00f3 su despliegue, sus anuncios y destac\u00f3, en particular, la inyecci\u00f3n de recursos a la casa edilicia, para ejecutar, por primera vez en su historia, el Programa Red Local de Apoyos y Cuidados, enmarcado en el Sistema Nacional de Apoyos y Cuidados: Chile Cuida.<\/p>\n<p>Dicho programa, tiene por objetivo entregar apoyo concreto a personas en situaci\u00f3n de dependencia funcional moderada o severa y contribuir a mantener o mejorar el desarrollo de sus actividades, y, por cierto, disminuir la sobrecarga de aquellas personas que ejercen el rol de cuidadora, sin ning\u00fan tipo de remuneraci\u00f3n.<\/p>\n<p>La Seremi de Desarrollo Social y Familia argument\u00f3 que, \u201cnuestra Subsecretaria Francisca Gallegos y el municipio de Tierra Amarilla firmaron, en presencia de personas cuidadoras de la comuna, un importante acuerdo, que se traduce en el traspaso de $68 millones, desde nuestro Ministerio a la casa edilicia, para que sus profesionales y t\u00e9cnicos ejecuten, por primera vez, el Programa Red Local de Apoyos y Cuidados. Tal como lo ha mandatado nuestro Presidente Gabriel Boric continuaremos trabajando hasta el \u00faltimo d\u00eda de la administraci\u00f3n\u201d.<\/p>\n<p>\u201cLa Red Local de Apoyos y Cuidados, durante el a\u00f1o 2022 se ejecut\u00f3, s\u00f3lo, en las comunas de Copiap\u00f3, Alto del Carmen y Cha\u00f1aral, no obstante, y tras m\u00faltiples gestiones, durante el 2026, hemos logrado aumentar su cobertura llegando a las comunas de Caldera, Vallenar y Huasco, por cierto, Tierra Amarilla. En esta \u00faltima comuna, 102 personas, cuidadoras y cuidadas, recibieron apoyo concreto del Estado\u201d, agreg\u00f3 Rivera Reynoso-.<\/p>\n<p>Seg\u00fan el Registro Social de Hogares del Ministerio de Desarrollo Social y Familia, m\u00e1s de 332 personas ya poseen su credencial oficial de persona cuidadora en Tierra Amarilla. \u201cHacemos un llamado a las personas cuidadoras de la comuna, que realizan esta labor, de manera no remunerada, para que actualicen su Registro Social de Hogares, particularmente en el m\u00f3dulo de cuidados. As\u00ed podr\u00e1n registrase y obtener su credencial oficial de persona cuidadora, la cual les permitir\u00e1 ingresar a una m\u00faltiple oferta de apoyos que otorga el Estado de Chile\u201d, enfatiz\u00f3 la Seremi de Desarrollo Social.<\/p>\n<p>Para concluir, la autoridad asever\u00f3 que, \u201cgracias a nuestro Presidente Gabriel Boric y nuestra Ministra Javiera Toro, por cierto, al apoyo transversal en el Congreso de<\/p>\n<p>Chile y a las m\u00faltiples personas cuidadoras de nuestro pa\u00eds; Chile Cuida, ya es Ley de la Rep\u00fablica, lo que se traduce en que el Estado, desde ahora, tiene la obligaci\u00f3n de garantizar, apoyo a las personas cuidadoras. Nuestra naci\u00f3n ya est\u00e1 dentro de las 10 en el mundo que, reconoce, a trav\u00e9s de una Ley, los cuidados como un derecho social\u201d.<\/p>\n","protected":false},"excerpt":{"rendered":"<p>\u00b7 Seg\u00fan el Registro Social de Hogares del Ministerio de Desarrollo Social y Familia, m\u00e1s de 332 personas ya poseen su credencial oficial de persona&hellip; <\/p>\n","protected":false},"author":7,"featured_media":99152,"comment_status":"closed","ping_status":"closed","sticky":false,"template":"","format":"standard","meta":{"footnotes":""},"categories":[7],"tags":[],"class_list":["post-99151","post","type-post","status-publish","format-standard","has-post-thumbnail","hentry","category-atacama"],"_links":{"self":[{"href":"https:\/\/www.radioamigavallenar.cl\/index.php?rest_route=\/wp\/v2\/posts\/99151","targetHints":{"allow":["GET"]}}],"collection":[{"href":"https:\/\/www.radioamigavallenar.cl\/index.php?rest_route=\/wp\/v2\/posts"}],"about":[{"href":"https:\/\/www.radioamigavallenar.cl\/index.php?rest_route=\/wp\/v2\/types\/post"}],"author":[{"embeddable":true,"href":"https:\/\/www.radioamigavallenar.cl\/index.php?rest_route=\/wp\/v2\/users\/7"}],"replies":[{"embeddable":true,"href":"https:\/\/www.radioamigavallenar.cl\/index.php?rest_route=%2Fwp%2Fv2%2Fcomments&post=99151"}],"version-history":[{"count":1,"href":"https:\/\/www.radioamigavallenar.cl\/index.php?rest_route=\/wp\/v2\/posts\/99151\/revisions"}],"predecessor-version":[{"id":99153,"href":"https:\/\/www.radioamigavallenar.cl\/index.php?rest_route=\/wp\/v2\/posts\/99151\/revisions\/99153"}],"wp:featuredmedia":[{"embeddable":true,"href":"https:\/\/www.radioamigavallenar.cl\/index.php?rest_route=\/wp\/v2\/media\/99152"}],"wp:attachment":[{"href":"https:\/\/www.radioamigavallenar.cl\/index.php?rest_route=%2Fwp%2Fv2%2Fmedia&parent=99151"}],"wp:term":[{"taxonomy":"category","embeddable":true,"href":"https:\/\/www.radioamigavallenar.cl\/index.php?rest_route=%2Fwp%2Fv2%2Fcategories&post=99151"},{"taxonomy":"post_tag","embeddable":true,"href":"https:\/\/www.radioamigavallenar.cl\/index.php?rest_route=%2Fwp%2Fv2%2Ftags&post=99151"}],"curies":[{"name":"wp","href":"https:\/\/api.w.org\/{rel}","templated":true}]}}