{"id":99148,"date":"2026-03-04T12:08:40","date_gmt":"2026-03-04T15:08:40","guid":{"rendered":"https:\/\/www.radioamigavallenar.cl\/?p=99148"},"modified":"2026-03-04T12:08:40","modified_gmt":"2026-03-04T15:08:40","slug":"senado-vota-proyecto-que-permitiria-arresto-domiciliario-a-reos-por-razones-humanitarias","status":"publish","type":"post","link":"https:\/\/www.radioamigavallenar.cl\/?p=99148","title":{"rendered":"Senado vota proyecto que permitir\u00eda arresto domiciliario a reos por \u00abrazones humanitarias\u00bb"},"content":{"rendered":"<p>La sala del Senado se prepara este mi\u00e9rcoles para una de las votaciones m\u00e1s pol\u00e9micas del \u00faltimo ciclo legislativo: el proyecto de ley que busca permitir a internos de<strong>\u00a0avanzada edad o con enfermedades cr\u00f3nicas y terminales<\/strong>\u00a0cumplir el resto de sus condenas bajo arresto domiciliario,\u00a0en medio de cuestionamientos por su eventual alcance en\u00a0<strong>casos de violaciones de derechos humanos.<\/strong><\/p>\n<p>Aunque la iniciativa se fundamenta en razones humanitarias, diversos sectores alertan sobre la laxitud de los requisitos y el perfil de los potenciales beneficiarios.<\/p>\n<p>La ley propone que cualquier enfermo\u00a0cr\u00f3nico que no pueda recuperarse en prisi\u00f3n, discapacitados cuyo encarcelamiento afecte su condici\u00f3n, y<strong>\u00a0ancianos desde los 70 a\u00f1os que hayan cumplido 10 a\u00f1os de presidio, o la suma de su edad m\u00e1s los a\u00f1os de presidio llegue a 80.<\/strong><\/p>\n<p>De acuerdo con cifras del Ministerio de Justicia, la normativa podr\u00eda alcanzar a\u00a0<strong>738 condenados<\/strong>\u00a0mayores de 70 a\u00f1os, de los cuales\u00a0<strong>365 corresponden a condenados por crimenes de lesa humanidad.<\/strong><\/p>\n<p>Adem\u00e1s, el proyecto, que<strong>\u00a0requiere un qu\u00f3rum de 26 votos<\/strong>\u00a0para avanzar en su tramitaci\u00f3n, incluir\u00eda a presos por delitos de alta connotaci\u00f3n social, como\u00a0<strong>homicidios, parricidios y abusos sexuales.<\/strong><\/p>\n<h2 style=\"text-align: center;\"><strong>Advertencias de impunidad<\/strong><\/h2>\n<p>Uno de los nombres que ha reflotado en el debate es el de\u00a0<strong>Miguel Krassnoff<\/strong>, quien tras cumplir 80 a\u00f1os el mes pasado,<strong>\u00a0calificar\u00eda inmediatamente para el beneficio<\/strong>\u00a0en caso de aprobarse la ley, pese a que\u00a0<strong>suma condenas a m\u00e1s de mil a\u00f1os de prisi\u00f3n.<\/strong><\/p>\n<p>El senador\u00a0<strong>Jos\u00e9 Miguel Insulza<\/strong>\u00a0(Partido Socialista) expres\u00f3 que \u00abestamos a punto, la pr\u00f3xima semana, de inaugurar un<strong>\u00a0gobierno respaldado por personas que quieren borrar el pasado, sabemos bien por qu\u00e9.<\/strong>\u00a0Y yo creo que la peor manera de concluir este ejercicio y empezar ese gobierno es con un proyecto de ley como este, que realmente\u00a0<strong>nos averg\u00fcenza como pa\u00eds<\/strong>\u00ab.<\/p>\n<p>Por otro lado, el senador<strong>\u00a0Mat\u00edas Walker<\/strong>\u00a0(Dem\u00f3cratas) puso el acento en el riesgo que representa para las v\u00edctimas de delitos sexuales:\u00bbEste proyecto<strong>\u00a0no solamente puede producir impunidad respecto de condenados por delitos de derechos humanos, sino que respecto de delitos de mayor connotaci\u00f3n social<\/strong>\u00a0graves, como violaci\u00f3n y abuso de menores. Por eso, si se insiste en votar,<strong>\u00a0yo voy a votar en contra<\/strong>\u00bb sentenci\u00f3.<\/p>\n","protected":false},"excerpt":{"rendered":"<p>La sala del Senado se prepara este mi\u00e9rcoles para una de las votaciones m\u00e1s pol\u00e9micas del \u00faltimo ciclo legislativo: el proyecto de ley que busca&hellip; <\/p>\n","protected":false},"author":7,"featured_media":99149,"comment_status":"closed","ping_status":"closed","sticky":false,"template":"","format":"standard","meta":{"footnotes":""},"categories":[37],"tags":[],"class_list":["post-99148","post","type-post","status-publish","format-standard","has-post-thumbnail","hentry","category-nacional"],"_links":{"self":[{"href":"https:\/\/www.radioamigavallenar.cl\/index.php?rest_route=\/wp\/v2\/posts\/99148","targetHints":{"allow":["GET"]}}],"collection":[{"href":"https:\/\/www.radioamigavallenar.cl\/index.php?rest_route=\/wp\/v2\/posts"}],"about":[{"href":"https:\/\/www.radioamigavallenar.cl\/index.php?rest_route=\/wp\/v2\/types\/post"}],"author":[{"embeddable":true,"href":"https:\/\/www.radioamigavallenar.cl\/index.php?rest_route=\/wp\/v2\/users\/7"}],"replies":[{"embeddable":true,"href":"https:\/\/www.radioamigavallenar.cl\/index.php?rest_route=%2Fwp%2Fv2%2Fcomments&post=99148"}],"version-history":[{"count":1,"href":"https:\/\/www.radioamigavallenar.cl\/index.php?rest_route=\/wp\/v2\/posts\/99148\/revisions"}],"predecessor-version":[{"id":99150,"href":"https:\/\/www.radioamigavallenar.cl\/index.php?rest_route=\/wp\/v2\/posts\/99148\/revisions\/99150"}],"wp:featuredmedia":[{"embeddable":true,"href":"https:\/\/www.radioamigavallenar.cl\/index.php?rest_route=\/wp\/v2\/media\/99149"}],"wp:attachment":[{"href":"https:\/\/www.radioamigavallenar.cl\/index.php?rest_route=%2Fwp%2Fv2%2Fmedia&parent=99148"}],"wp:term":[{"taxonomy":"category","embeddable":true,"href":"https:\/\/www.radioamigavallenar.cl\/index.php?rest_route=%2Fwp%2Fv2%2Fcategories&post=99148"},{"taxonomy":"post_tag","embeddable":true,"href":"https:\/\/www.radioamigavallenar.cl\/index.php?rest_route=%2Fwp%2Fv2%2Ftags&post=99148"}],"curies":[{"name":"wp","href":"https:\/\/api.w.org\/{rel}","templated":true}]}}