{"id":99146,"date":"2026-03-04T11:11:22","date_gmt":"2026-03-04T14:11:22","guid":{"rendered":"https:\/\/www.radioamigavallenar.cl\/?p=99146"},"modified":"2026-03-04T11:11:22","modified_gmt":"2026-03-04T14:11:22","slug":"fiscalia-solicita-formalizacion-contra-imputados-por-violento-ataque-en-sector-rural-de-freirina","status":"publish","type":"post","link":"https:\/\/www.radioamigavallenar.cl\/?p=99146","title":{"rendered":"Fiscal\u00eda solicita formalizaci\u00f3n contra imputados por violento ataque en sector rural de Freirina"},"content":{"rendered":"<p data-pm-slice=\"1 1 []\">El Ministerio P\u00fablico sostiene que la v\u00edctima habr\u00eda sido citada hasta un sector eriazo, donde fue agredida con arma blanca y posteriormente despojada de su veh\u00edculo.<\/p>\n<p>Seg\u00fan consta en antecedentes del Poder Judicial, el Fiscal Adjunto de la Fiscal\u00eda Local de Freirina, Jorge Hern\u00e1ndez \u00c1ngel, solicit\u00f3 al Juzgado de Garant\u00eda de la comuna fijar audiencia para formalizar investigaci\u00f3n en contra del hombre chileno B. K. T. V. y de la mujer chilena A. F. C. J., en calidad de imputados.<\/p>\n<p>De acuerdo con la presentaci\u00f3n judicial, los hechos investigados habr\u00edan ocurrido el 3 de diciembre de 2025, alrededor de las 13:40 horas, en el sector rural Agua de Luna, comuna de Freirina. Conforme a lo expuesto por el Ministerio P\u00fablico en su solicitud, los imputados habr\u00edan actuado concertadamente, ocasi\u00f3n en la cual la v\u00edctima habr\u00eda resultado con lesiones calificadas cl\u00ednicamente como graves, seg\u00fan registros de atenci\u00f3n m\u00e9dica del Cesfam de Freirina y del Hospital Provincial del Huasco.<\/p>\n<p>En el mismo escrito se se\u00f1ala que, tras la agresi\u00f3n denunciada, se habr\u00eda producido la sustracci\u00f3n de un veh\u00edculo, hechos que el ente persecutor encuadra preliminarmente en los delitos de lesiones graves, previsto en el art\u00edculo 397 N.\u00b0 2 del C\u00f3digo Penal, y hurto simple, contemplado en el art\u00edculo 446 N.\u00b0 1 del mismo cuerpo legal, atribuyendo a los imputados participaci\u00f3n en calidad de autores.<\/p>\n<p>La solicitud de audiencia se realiza en conformidad con el art\u00edculo 231 del C\u00f3digo Procesal Penal y contempla, adem\u00e1s, la designaci\u00f3n de defensor penal p\u00fablico en caso de que los requeridos no cuenten con abogado particular.<\/p>\n<p>Cabe precisar que estos antecedentes forman parte de una investigaci\u00f3n en etapa inicial y que la formalizaci\u00f3n constituye un acto procesal mediante el cual el Ministerio P\u00fablico comunica al imputado que se desarrolla una investigaci\u00f3n en su contra, manteni\u00e9ndose vigente el principio de presunci\u00f3n de inocencia mientras no exista sentencia firme dictada por un tribunal competente.<\/p>\n","protected":false},"excerpt":{"rendered":"<p>El Ministerio P\u00fablico sostiene que la v\u00edctima habr\u00eda sido citada hasta un sector eriazo, donde fue agredida con arma blanca y posteriormente despojada de su&hellip; <\/p>\n","protected":false},"author":7,"featured_media":84894,"comment_status":"closed","ping_status":"closed","sticky":false,"template":"","format":"standard","meta":{"footnotes":""},"categories":[7],"tags":[],"class_list":["post-99146","post","type-post","status-publish","format-standard","has-post-thumbnail","hentry","category-atacama"],"_links":{"self":[{"href":"https:\/\/www.radioamigavallenar.cl\/index.php?rest_route=\/wp\/v2\/posts\/99146","targetHints":{"allow":["GET"]}}],"collection":[{"href":"https:\/\/www.radioamigavallenar.cl\/index.php?rest_route=\/wp\/v2\/posts"}],"about":[{"href":"https:\/\/www.radioamigavallenar.cl\/index.php?rest_route=\/wp\/v2\/types\/post"}],"author":[{"embeddable":true,"href":"https:\/\/www.radioamigavallenar.cl\/index.php?rest_route=\/wp\/v2\/users\/7"}],"replies":[{"embeddable":true,"href":"https:\/\/www.radioamigavallenar.cl\/index.php?rest_route=%2Fwp%2Fv2%2Fcomments&post=99146"}],"version-history":[{"count":1,"href":"https:\/\/www.radioamigavallenar.cl\/index.php?rest_route=\/wp\/v2\/posts\/99146\/revisions"}],"predecessor-version":[{"id":99147,"href":"https:\/\/www.radioamigavallenar.cl\/index.php?rest_route=\/wp\/v2\/posts\/99146\/revisions\/99147"}],"wp:featuredmedia":[{"embeddable":true,"href":"https:\/\/www.radioamigavallenar.cl\/index.php?rest_route=\/wp\/v2\/media\/84894"}],"wp:attachment":[{"href":"https:\/\/www.radioamigavallenar.cl\/index.php?rest_route=%2Fwp%2Fv2%2Fmedia&parent=99146"}],"wp:term":[{"taxonomy":"category","embeddable":true,"href":"https:\/\/www.radioamigavallenar.cl\/index.php?rest_route=%2Fwp%2Fv2%2Fcategories&post=99146"},{"taxonomy":"post_tag","embeddable":true,"href":"https:\/\/www.radioamigavallenar.cl\/index.php?rest_route=%2Fwp%2Fv2%2Ftags&post=99146"}],"curies":[{"name":"wp","href":"https:\/\/api.w.org\/{rel}","templated":true}]}}