{"id":99143,"date":"2026-03-04T11:08:49","date_gmt":"2026-03-04T14:08:49","guid":{"rendered":"https:\/\/www.radioamigavallenar.cl\/?p=99143"},"modified":"2026-03-04T11:08:49","modified_gmt":"2026-03-04T14:08:49","slug":"sin-anuncios-oficiales-incertidumbre-marca-instalacion-del-nuevo-gobierno-en-atacama","status":"publish","type":"post","link":"https:\/\/www.radioamigavallenar.cl\/?p=99143","title":{"rendered":"Sin anuncios oficiales: incertidumbre marca instalaci\u00f3n del nuevo gobierno en Atacama"},"content":{"rendered":"<p>A pocos d\u00edas de que el nuevo Presidente de la Rep\u00fablica asuma el pr\u00f3ximo 11 de marzo en el Palacio de La Moneda, la Regi\u00f3n de Atacama aparece rezagada en la definici\u00f3n de sus secretarios regionales ministeriales (seremis), en contraste con otras zonas del pa\u00eds donde el proceso presenta mayor avance.<\/p>\n<p>Mientras en regiones como Biob\u00edo y Coquimbo ya se han conocido diversos nombres y acuerdos pol\u00edticos para integrar los gabinetes regionales, en Atacama las conversaciones contin\u00faan sin resultados oficiales. La demora ha generado inquietud tanto en el oficialismo entrante como en la oposici\u00f3n, y ha sido atribuida a diferencias internas y choques de opini\u00f3n entre referentes pol\u00edticos locales.<\/p>\n<p>Diversas fuentes pol\u00edticas coinciden en que el retraso obedecer\u00eda a diferencias internas y a un choque de opiniones entre el electo senador por la regi\u00f3n del Maule del Partido Republicano Ignacio Urrutia y la delegada presidencial Sof\u00eda Cid, quienes tendr\u00edan visiones distintas respecto a los nombres que deber\u00edan integrar el gabinete regional.<\/p>\n<p>&nbsp;<\/p>\n<p style=\"text-align: center;\"><strong>Nombres que suenan<\/strong><\/p>\n<p>&nbsp;<\/p>\n<p>Pese a la ausencia de confirmaciones oficiales, en el ambiente pol\u00edtico regional ya circulan algunos nombres para ocupar distintas carteras.<\/p>\n<p>Para la Secretar\u00eda Regional Ministerial de Vivienda y Urbanismo se ha mencionado a Max Barrionuevo (RN); en Miner\u00eda a Javier S\u00e1ez (IND); en Obras P\u00fablicas a Paula Guerrero (UDI); y en Transportes y Telecomunicaciones, a Daniela Gallegos (Partido Social Cristiano).<\/p>\n<p>Sin embargo, hasta ahora ninguna de estas nominaciones ha sido ratificada formalmente, lo que mantiene la incertidumbre en torno a la estructura con que comenzar\u00e1 a operar el Ejecutivo en Atacama.<\/p>\n<p>Desde la oposici\u00f3n regional han surgido cuestionamientos al retraso en la instalaci\u00f3n del gobierno. El presidente regional del Partido Socialista de Chile, Francisco Madero, sostuvo que hist\u00f3ricamente a los gobiernos de derecha les ha costado la instalaci\u00f3n en las regiones.<\/p>\n<p>\u201cLos gobiernos de derecha sist\u00e9micamente han tenido dificultades en la instalaci\u00f3n regional, precisamente porque muchos de sus personeros provienen del mundo privado y les cuesta resolver la problem\u00e1tica propia del sector p\u00fablico\u201d, afirm\u00f3.<\/p>\n<p>Agreg\u00f3 que, a su juicio, cuando se argumenta que existen dificultades en el traspaso de informaci\u00f3n, se tratar\u00eda de una estrategia comunicacional. \u201cSe insiste en que el traspaso definitivo se realiz\u00f3 con informaci\u00f3n poco clara, pero nosotros consideramos que los traspasos se hacen de manera pr\u00edstina y transparente. Esa narrativa busca obtener un cr\u00e9dito comunicacional\u201d, se\u00f1al\u00f3.<\/p>\n","protected":false},"excerpt":{"rendered":"<p>A pocos d\u00edas de que el nuevo Presidente de la Rep\u00fablica asuma el pr\u00f3ximo 11 de marzo en el Palacio de La Moneda, la Regi\u00f3n&hellip; <\/p>\n","protected":false},"author":7,"featured_media":99144,"comment_status":"closed","ping_status":"closed","sticky":false,"template":"","format":"standard","meta":{"footnotes":""},"categories":[38],"tags":[],"class_list":["post-99143","post","type-post","status-publish","format-standard","has-post-thumbnail","hentry","category-portada-regional"],"_links":{"self":[{"href":"https:\/\/www.radioamigavallenar.cl\/index.php?rest_route=\/wp\/v2\/posts\/99143","targetHints":{"allow":["GET"]}}],"collection":[{"href":"https:\/\/www.radioamigavallenar.cl\/index.php?rest_route=\/wp\/v2\/posts"}],"about":[{"href":"https:\/\/www.radioamigavallenar.cl\/index.php?rest_route=\/wp\/v2\/types\/post"}],"author":[{"embeddable":true,"href":"https:\/\/www.radioamigavallenar.cl\/index.php?rest_route=\/wp\/v2\/users\/7"}],"replies":[{"embeddable":true,"href":"https:\/\/www.radioamigavallenar.cl\/index.php?rest_route=%2Fwp%2Fv2%2Fcomments&post=99143"}],"version-history":[{"count":1,"href":"https:\/\/www.radioamigavallenar.cl\/index.php?rest_route=\/wp\/v2\/posts\/99143\/revisions"}],"predecessor-version":[{"id":99145,"href":"https:\/\/www.radioamigavallenar.cl\/index.php?rest_route=\/wp\/v2\/posts\/99143\/revisions\/99145"}],"wp:featuredmedia":[{"embeddable":true,"href":"https:\/\/www.radioamigavallenar.cl\/index.php?rest_route=\/wp\/v2\/media\/99144"}],"wp:attachment":[{"href":"https:\/\/www.radioamigavallenar.cl\/index.php?rest_route=%2Fwp%2Fv2%2Fmedia&parent=99143"}],"wp:term":[{"taxonomy":"category","embeddable":true,"href":"https:\/\/www.radioamigavallenar.cl\/index.php?rest_route=%2Fwp%2Fv2%2Fcategories&post=99143"},{"taxonomy":"post_tag","embeddable":true,"href":"https:\/\/www.radioamigavallenar.cl\/index.php?rest_route=%2Fwp%2Fv2%2Ftags&post=99143"}],"curies":[{"name":"wp","href":"https:\/\/api.w.org\/{rel}","templated":true}]}}