{"id":99141,"date":"2026-03-04T09:09:38","date_gmt":"2026-03-04T12:09:38","guid":{"rendered":"https:\/\/www.radioamigavallenar.cl\/?p=99141"},"modified":"2026-03-04T09:09:38","modified_gmt":"2026-03-04T12:09:38","slug":"quiebre-entre-boric-y-kast-vuelve-a-instalar-duda-sobre-la-candidatura-de-michelle-bachelet-a-la-onu","status":"publish","type":"post","link":"https:\/\/www.radioamigavallenar.cl\/?p=99141","title":{"rendered":"Quiebre entre Boric y Kast vuelve a instalar duda sobre la candidatura de Michelle Bachelet a la ONU"},"content":{"rendered":"<p>El quiebre entre el presidente Gabriel Boric y su sucesor, Jos\u00e9 Antonio Kast, abri\u00f3 nuevas interrogantes sobre el futuro de decisiones impulsadas por la actual administraci\u00f3n, entre ellas,\u00a0<strong>la candidatura de la expresidenta Michelle Bachelet<\/strong>\u00a0a la Secretar\u00eda General de Naciones Unidas (ONU).<\/p>\n<p>En Palacio reconocen que la tensi\u00f3n con la Oficina del Presidente Electo (OPE) marc\u00f3 un punto complejo en el traspaso de mando, pero descartan que ese escenario afecte la postulaci\u00f3n de Bachelet.<\/p>\n<p>Insisten en que se trata de una candidatura de Estado y no de gobierno, y que, por lo mismo, trasciende las diferencias pol\u00edticas entre ambas administraciones.<\/p>\n<p>Al respecto, la\u00a0<strong>ministra Camila Vallejo<\/strong>\u00a0fue enf\u00e1tica. Asegur\u00f3 que el Ejecutivo seguir\u00e1 trabajando hasta el \u00faltimo d\u00eda de su mandato para promover la candidatura en los espacios internacionales correspondientes, subrayando que el respaldo responde a una pol\u00edtica exterior consistente y no a una decisi\u00f3n coyuntural.<\/p>\n<p>La\u00a0<strong>presidenta de la Comisi\u00f3n de Relaciones Exteriores de la C\u00e1mara, la diputada Ericka \u00d1anco (FA)<\/strong>, llam\u00f3 a no mezclar el conflicto pol\u00edtico con la postulaci\u00f3n internacional.<\/p>\n<p>En ese sentido, se\u00f1al\u00f3 que espera que el presidente electo act\u00fae con madurez y no genere nuevas tensiones que puedan afectar una candidatura que beneficia al pa\u00eds.<\/p>\n<p>Desde la oposici\u00f3n, el\u00a0<strong>diputado Miguel Mellado<\/strong>\u00a0sostuvo que el propio mandatario ha debilitado la opci\u00f3n de Michelle Bachelet al tensionar la relaci\u00f3n con Estados Unidos y que, en ese escenario, el presidente electo no tendr\u00eda mucho margen de acci\u00f3n respecto a esa candidatura.<\/p>\n<p>A la vista del quiebre total entre Boric y Kast, el futuro del apoyo a esa candidatura podr\u00eda quedar en manos de aliados internacionales.<\/p>\n<p>De hecho,\u00a0<strong>se confirm\u00f3 que el presidente de Brasil, Luiz In\u00e1cio Lula da Silva, asistir\u00e1 al cambio de mando del 11 de marzo<\/strong>\u00a0y sostendr\u00e1 conversaciones con el futuro presidente sobre la candidatura de Bachelet ante la ONU.<\/p>\n","protected":false},"excerpt":{"rendered":"<p>El quiebre entre el presidente Gabriel Boric y su sucesor, Jos\u00e9 Antonio Kast, abri\u00f3 nuevas interrogantes sobre el futuro de decisiones impulsadas por la actual&hellip; <\/p>\n","protected":false},"author":7,"featured_media":69303,"comment_status":"closed","ping_status":"closed","sticky":false,"template":"","format":"standard","meta":{"footnotes":""},"categories":[37],"tags":[],"class_list":["post-99141","post","type-post","status-publish","format-standard","has-post-thumbnail","hentry","category-nacional"],"_links":{"self":[{"href":"https:\/\/www.radioamigavallenar.cl\/index.php?rest_route=\/wp\/v2\/posts\/99141","targetHints":{"allow":["GET"]}}],"collection":[{"href":"https:\/\/www.radioamigavallenar.cl\/index.php?rest_route=\/wp\/v2\/posts"}],"about":[{"href":"https:\/\/www.radioamigavallenar.cl\/index.php?rest_route=\/wp\/v2\/types\/post"}],"author":[{"embeddable":true,"href":"https:\/\/www.radioamigavallenar.cl\/index.php?rest_route=\/wp\/v2\/users\/7"}],"replies":[{"embeddable":true,"href":"https:\/\/www.radioamigavallenar.cl\/index.php?rest_route=%2Fwp%2Fv2%2Fcomments&post=99141"}],"version-history":[{"count":1,"href":"https:\/\/www.radioamigavallenar.cl\/index.php?rest_route=\/wp\/v2\/posts\/99141\/revisions"}],"predecessor-version":[{"id":99142,"href":"https:\/\/www.radioamigavallenar.cl\/index.php?rest_route=\/wp\/v2\/posts\/99141\/revisions\/99142"}],"wp:featuredmedia":[{"embeddable":true,"href":"https:\/\/www.radioamigavallenar.cl\/index.php?rest_route=\/wp\/v2\/media\/69303"}],"wp:attachment":[{"href":"https:\/\/www.radioamigavallenar.cl\/index.php?rest_route=%2Fwp%2Fv2%2Fmedia&parent=99141"}],"wp:term":[{"taxonomy":"category","embeddable":true,"href":"https:\/\/www.radioamigavallenar.cl\/index.php?rest_route=%2Fwp%2Fv2%2Fcategories&post=99141"},{"taxonomy":"post_tag","embeddable":true,"href":"https:\/\/www.radioamigavallenar.cl\/index.php?rest_route=%2Fwp%2Fv2%2Ftags&post=99141"}],"curies":[{"name":"wp","href":"https:\/\/api.w.org\/{rel}","templated":true}]}}