{"id":99138,"date":"2026-03-04T09:03:43","date_gmt":"2026-03-04T12:03:43","guid":{"rendered":"https:\/\/www.radioamigavallenar.cl\/?p=99138"},"modified":"2026-03-04T09:03:43","modified_gmt":"2026-03-04T12:03:43","slug":"elisa-araya-asume-liderazgo-en-el-slep-atacama-y-se-reune-con-la-comunidad-funcionaria","status":"publish","type":"post","link":"https:\/\/www.radioamigavallenar.cl\/?p=99138","title":{"rendered":"Elisa Araya asume liderazgo en el SLEP Atacama y se re\u00fane con la comunidad funcionaria"},"content":{"rendered":"<p class=\"x_MsoNormal\"><span data-olk-copy-source=\"MessageBody\">Con un llamado a la unidad y al fortalecimiento de la educaci\u00f3n p\u00fablica, la nueva Directora Ejecutiva suplente del Servicio Local de Educaci\u00f3n P\u00fablica Atacama, Elisa Araya Cortez, sostuvo su primera reuni\u00f3n ampliada con funcionarias y funcionarios de la administraci\u00f3n central del servicio.<\/span><\/p>\n<p class=\"x_MsoNormal\">El encuentro se realiz\u00f3 en el Liceo Bicentenario de M\u00fasica Hugo Garrido Gaete, y cont\u00f3 con la participaci\u00f3n de la comunidad funcionaria, quienes asistieron para conocer a la autoridad recientemente nombrada por el presidente Gabriel Boric Font.<\/p>\n<p class=\"x_MsoNormal\">Durante su intervenci\u00f3n, la Dra. en Educaci\u00f3n \u2014ex rectora de la Universidad Metropolitana de Ciencias de la Educaci\u00f3n\u2014 agradeci\u00f3 la labor desarrollada por los equipos en un contexto complejo y relev\u00f3 el car\u00e1cter estrat\u00e9gico del Servicio Local como parte de una pol\u00edtica p\u00fablica estructural. En ese marco, subray\u00f3 que la Nueva Educaci\u00f3n P\u00fablica constituye una de las transformaciones m\u00e1s significativas de las \u00faltimas d\u00e9cadas en el pa\u00eds.<\/p>\n<p class=\"x_MsoNormal\">La Directora defini\u00f3 su gesti\u00f3n como un per\u00edodo de continuidad y consolidaci\u00f3n institucional, informando que se deber\u00e1 desarrollar el desarrollo del concurso de Alta Direcci\u00f3n P\u00fablica que permitir\u00e1 nombrar a un director o directora titular.<\/p>\n<p class=\"x_MsoNormal\">Adem\u00e1s, la autoridad se\u00f1al\u00f3 que \u201cmi tarea es contribuir a un proyecto educativo regional que busca destacar la identidad de Atacama, enfatizando sus caracter\u00edsticas geogr\u00e1ficas, culturales, \u00e9tnicas y sociales\u201d.<\/p>\n<p class=\"x_MsoNormal\">\u201cEl desaf\u00edo es fortalecer el sistema educativo local, que, aunque se encuentra en desarrollo, muestra un alto porcentaje de estudiantes en educaci\u00f3n p\u00fablica. Es fundamental trabajar en conjunto con familias y profesores para abordar problemas y encontrar soluciones. El compromiso es responder con conocimiento t\u00e9cnico y colaboraci\u00f3n interinstitucional, cuidando y mejorando el sistema educativo\u201d, asever\u00f3 la entrante directora suplente de SLEP Atacama.<\/p>\n<p class=\"x_MsoNormal\">La jornada permiti\u00f3 reafirmar el compromiso colectivo con la gesti\u00f3n territorial, el fortalecimiento de los equipos y la mejora continua de los procesos educativos en los establecimientos que conforman el SLEP Atacama, dando inicio formal a una nueva etapa institucional marcada por el di\u00e1logo, la coordinaci\u00f3n y el sentido de prop\u00f3sito compartido.<\/p>\n","protected":false},"excerpt":{"rendered":"<p>Con un llamado a la unidad y al fortalecimiento de la educaci\u00f3n p\u00fablica, la nueva Directora Ejecutiva suplente del Servicio Local de Educaci\u00f3n P\u00fablica Atacama,&hellip; <\/p>\n","protected":false},"author":7,"featured_media":99139,"comment_status":"closed","ping_status":"closed","sticky":false,"template":"","format":"standard","meta":{"footnotes":""},"categories":[38],"tags":[],"class_list":["post-99138","post","type-post","status-publish","format-standard","has-post-thumbnail","hentry","category-portada-regional"],"_links":{"self":[{"href":"https:\/\/www.radioamigavallenar.cl\/index.php?rest_route=\/wp\/v2\/posts\/99138","targetHints":{"allow":["GET"]}}],"collection":[{"href":"https:\/\/www.radioamigavallenar.cl\/index.php?rest_route=\/wp\/v2\/posts"}],"about":[{"href":"https:\/\/www.radioamigavallenar.cl\/index.php?rest_route=\/wp\/v2\/types\/post"}],"author":[{"embeddable":true,"href":"https:\/\/www.radioamigavallenar.cl\/index.php?rest_route=\/wp\/v2\/users\/7"}],"replies":[{"embeddable":true,"href":"https:\/\/www.radioamigavallenar.cl\/index.php?rest_route=%2Fwp%2Fv2%2Fcomments&post=99138"}],"version-history":[{"count":1,"href":"https:\/\/www.radioamigavallenar.cl\/index.php?rest_route=\/wp\/v2\/posts\/99138\/revisions"}],"predecessor-version":[{"id":99140,"href":"https:\/\/www.radioamigavallenar.cl\/index.php?rest_route=\/wp\/v2\/posts\/99138\/revisions\/99140"}],"wp:featuredmedia":[{"embeddable":true,"href":"https:\/\/www.radioamigavallenar.cl\/index.php?rest_route=\/wp\/v2\/media\/99139"}],"wp:attachment":[{"href":"https:\/\/www.radioamigavallenar.cl\/index.php?rest_route=%2Fwp%2Fv2%2Fmedia&parent=99138"}],"wp:term":[{"taxonomy":"category","embeddable":true,"href":"https:\/\/www.radioamigavallenar.cl\/index.php?rest_route=%2Fwp%2Fv2%2Fcategories&post=99138"},{"taxonomy":"post_tag","embeddable":true,"href":"https:\/\/www.radioamigavallenar.cl\/index.php?rest_route=%2Fwp%2Fv2%2Ftags&post=99138"}],"curies":[{"name":"wp","href":"https:\/\/api.w.org\/{rel}","templated":true}]}}