{"id":99131,"date":"2026-03-04T00:01:01","date_gmt":"2026-03-04T03:01:01","guid":{"rendered":"https:\/\/www.radioamigavallenar.cl\/?p=99131"},"modified":"2026-03-03T23:58:17","modified_gmt":"2026-03-04T02:58:17","slug":"adquieren-implementacion-deportiva-para-academia-de-futbol-en-vallenar","status":"publish","type":"post","link":"https:\/\/www.radioamigavallenar.cl\/?p=99131","title":{"rendered":"Adquieren implementaci\u00f3n deportiva para academia de futbol en Vallenar"},"content":{"rendered":"<p data-pm-slice=\"1 1 []\">Con entusiasmo, integrantes de la Academia de Futbol \u201cNelson Rojas\u201d de la poblaci\u00f3n Torreblanca, en Vallenar, participan de jornadas deportivas en esta temporada estival, instancia que les ha permitido poder llevar a cabo sus actividades de verano.<\/p>\n<p>La entidad que preside Jaime Giovanni Mar\u00edn Rojas se adjudic\u00f3 un proyecto destinado a la adquisici\u00f3n de indumentaria para su participaci\u00f3n en torneos locales. El proyecto favoreci\u00f3 a 30 integrantes, cuyas edades fluct\u00faan entre los 6 y 12 a\u00f1os de edad (damas y varones), instancia que igualmente les permiti\u00f3 desarrollar un taller de futbolito infantil, con el objeto de formar y orientar el talento de sus integrantes.<\/p>\n<p>Esta semana la Delegada Presidencial Provincial, Karina Zarate, los visit\u00f3 en el marco de intercambio deportivo con entidades deportivas de la comuna.<\/p>\n","protected":false},"excerpt":{"rendered":"<p>Con entusiasmo, integrantes de la Academia de Futbol \u201cNelson Rojas\u201d de la poblaci\u00f3n Torreblanca, en Vallenar, participan de jornadas deportivas en esta temporada estival, instancia&hellip; <\/p>\n","protected":false},"author":7,"featured_media":99132,"comment_status":"closed","ping_status":"closed","sticky":false,"template":"","format":"standard","meta":{"footnotes":""},"categories":[38],"tags":[],"class_list":["post-99131","post","type-post","status-publish","format-standard","has-post-thumbnail","hentry","category-portada-regional"],"_links":{"self":[{"href":"https:\/\/www.radioamigavallenar.cl\/index.php?rest_route=\/wp\/v2\/posts\/99131","targetHints":{"allow":["GET"]}}],"collection":[{"href":"https:\/\/www.radioamigavallenar.cl\/index.php?rest_route=\/wp\/v2\/posts"}],"about":[{"href":"https:\/\/www.radioamigavallenar.cl\/index.php?rest_route=\/wp\/v2\/types\/post"}],"author":[{"embeddable":true,"href":"https:\/\/www.radioamigavallenar.cl\/index.php?rest_route=\/wp\/v2\/users\/7"}],"replies":[{"embeddable":true,"href":"https:\/\/www.radioamigavallenar.cl\/index.php?rest_route=%2Fwp%2Fv2%2Fcomments&post=99131"}],"version-history":[{"count":1,"href":"https:\/\/www.radioamigavallenar.cl\/index.php?rest_route=\/wp\/v2\/posts\/99131\/revisions"}],"predecessor-version":[{"id":99133,"href":"https:\/\/www.radioamigavallenar.cl\/index.php?rest_route=\/wp\/v2\/posts\/99131\/revisions\/99133"}],"wp:featuredmedia":[{"embeddable":true,"href":"https:\/\/www.radioamigavallenar.cl\/index.php?rest_route=\/wp\/v2\/media\/99132"}],"wp:attachment":[{"href":"https:\/\/www.radioamigavallenar.cl\/index.php?rest_route=%2Fwp%2Fv2%2Fmedia&parent=99131"}],"wp:term":[{"taxonomy":"category","embeddable":true,"href":"https:\/\/www.radioamigavallenar.cl\/index.php?rest_route=%2Fwp%2Fv2%2Fcategories&post=99131"},{"taxonomy":"post_tag","embeddable":true,"href":"https:\/\/www.radioamigavallenar.cl\/index.php?rest_route=%2Fwp%2Fv2%2Ftags&post=99131"}],"curies":[{"name":"wp","href":"https:\/\/api.w.org\/{rel}","templated":true}]}}