{"id":99126,"date":"2026-03-04T00:02:10","date_gmt":"2026-03-04T03:02:10","guid":{"rendered":"https:\/\/www.radioamigavallenar.cl\/?p=99126"},"modified":"2026-03-03T23:54:36","modified_gmt":"2026-03-04T02:54:36","slug":"tras-deteccion-de-mosca-de-la-fruta-en-vallenar-sag-cierra-vigilancia","status":"publish","type":"post","link":"https:\/\/www.radioamigavallenar.cl\/?p=99126","title":{"rendered":"Tras detecci\u00f3n de mosca de la fruta en Vallenar SAG cierra vigilancia"},"content":{"rendered":"<p>Luego de transcurrido un plazo equivalente a dos ciclos de vida del insecto y sin registrarse nuevas detecciones, el Servicio Agr\u00edcola y Ganadero, SAG, puso fin a las labores de vigilancia intensiva iniciadas el pasado 12 de enero en la zona urbana de Vallenar, producto del hallazgo de un ejemplar de mosca de la fruta (Ceratitis capitata) en trampas del servicio.<\/p>\n<div class=\"code-block code-block-3\">\n<div id=\"sas_99069\"><\/div>\n<\/div>\n<p>Desde aquella fecha personal del SAG se despleg\u00f3 en un radio de 4 kil\u00f3metros a la redonda de la detecci\u00f3n, instalando alrededor de 480 trampas adicionales y analizando cerca de 100 kilos de frutas de \u00e1rboles hospederos, de diversas especies, sin encontrar indicios de la plaga.<\/p>\n<p>La directora regional (s) del SAG, Carla Montiel Gonz\u00e1lez, indic\u00f3 que \u201clos trabajos han arrojado resultados positivos, no hemos detectado nuevos insectos adultos ni larvas en frutas de \u00e1rboles en el plazo que estipulan los protocolos de control fitosanitario, lo que nos indica que se trat\u00f3 de un ejemplar aislado, y ya podemos dar por cerrado este periodo de vigilancia intensiva\u201d.<\/p>\n<p>Montiel agradeci\u00f3 a la comunidad el apoyo entregado y por abrir las puertas de sus viviendas al servicio, permitiendo la instalaci\u00f3n y revisi\u00f3n de trampas, as\u00ed como la toma de muestras de fruta. \u201cEllo nos permiti\u00f3 avanzar en los plazos establecidos en esta emergencia, fue muy importante, ya que la colaboraci\u00f3n de las y los vecinos es clave en este tipo de actividades\u201d, apunt\u00f3. As\u00ed mismo agradeci\u00f3 el apoyo del municipio de Vallenar, en el nombre de su alcalde V\u00edctor Isla.<\/p>\n<div class=\"code-block code-block-5\">\n<div id=\"sas_99435\"><\/div>\n<\/div>\n<p>La autoridad agreg\u00f3 que Atacama se mantiene libre de mosca de la fruta, no obstante, persiste una alta presi\u00f3n de entrada, considerando que existen brotes activos en las regiones de Coquimbo, Metropolitana y Arica y Parinacota, desde donde nuestra regi\u00f3n se abastece de frutas y verduras en buena medida.<\/p>\n<p>\u201cHacemos un llamado a comerciantes de frutas y verduras a mantener documentos que acrediten el origen de sus mercader\u00edas, as\u00ed como autorizaciones respectivas relativas a productos que provienen de zonas donde existen brotes de mosca de la fruta.\u00a0 Mantenemos fiscalizaciones en gran parte de la regi\u00f3n, la detecci\u00f3n de mercader\u00edas sin respaldo, especialmente de alimentos no producidos en Chile, amerita su retenci\u00f3n y el levantamiento de multas\u201d, expres\u00f3.<\/p>\n<p>Finalmente, inst\u00f3 a las personas a comprar en el comercio establecido, ll\u00e1mese ferias libres, fruter\u00edas y supermercados, productos que son posibles de fiscalizar y que cuentan con calidad fitosanitaria y son aptos para el consumo humano.<\/p>\n","protected":false},"excerpt":{"rendered":"<p>Luego de transcurrido un plazo equivalente a dos ciclos de vida del insecto y sin registrarse nuevas detecciones, el Servicio Agr\u00edcola y Ganadero, SAG, puso&hellip; <\/p>\n","protected":false},"author":7,"featured_media":98107,"comment_status":"closed","ping_status":"closed","sticky":false,"template":"","format":"standard","meta":{"footnotes":""},"categories":[7],"tags":[],"class_list":["post-99126","post","type-post","status-publish","format-standard","has-post-thumbnail","hentry","category-atacama"],"_links":{"self":[{"href":"https:\/\/www.radioamigavallenar.cl\/index.php?rest_route=\/wp\/v2\/posts\/99126","targetHints":{"allow":["GET"]}}],"collection":[{"href":"https:\/\/www.radioamigavallenar.cl\/index.php?rest_route=\/wp\/v2\/posts"}],"about":[{"href":"https:\/\/www.radioamigavallenar.cl\/index.php?rest_route=\/wp\/v2\/types\/post"}],"author":[{"embeddable":true,"href":"https:\/\/www.radioamigavallenar.cl\/index.php?rest_route=\/wp\/v2\/users\/7"}],"replies":[{"embeddable":true,"href":"https:\/\/www.radioamigavallenar.cl\/index.php?rest_route=%2Fwp%2Fv2%2Fcomments&post=99126"}],"version-history":[{"count":1,"href":"https:\/\/www.radioamigavallenar.cl\/index.php?rest_route=\/wp\/v2\/posts\/99126\/revisions"}],"predecessor-version":[{"id":99127,"href":"https:\/\/www.radioamigavallenar.cl\/index.php?rest_route=\/wp\/v2\/posts\/99126\/revisions\/99127"}],"wp:featuredmedia":[{"embeddable":true,"href":"https:\/\/www.radioamigavallenar.cl\/index.php?rest_route=\/wp\/v2\/media\/98107"}],"wp:attachment":[{"href":"https:\/\/www.radioamigavallenar.cl\/index.php?rest_route=%2Fwp%2Fv2%2Fmedia&parent=99126"}],"wp:term":[{"taxonomy":"category","embeddable":true,"href":"https:\/\/www.radioamigavallenar.cl\/index.php?rest_route=%2Fwp%2Fv2%2Fcategories&post=99126"},{"taxonomy":"post_tag","embeddable":true,"href":"https:\/\/www.radioamigavallenar.cl\/index.php?rest_route=%2Fwp%2Fv2%2Ftags&post=99126"}],"curies":[{"name":"wp","href":"https:\/\/api.w.org\/{rel}","templated":true}]}}