{"id":99123,"date":"2026-03-04T00:01:12","date_gmt":"2026-03-04T03:01:12","guid":{"rendered":"https:\/\/www.radioamigavallenar.cl\/?p=99123"},"modified":"2026-03-03T23:53:08","modified_gmt":"2026-03-04T02:53:08","slug":"con-una-inversion-que-supera-los-150-millones-inauguran-mejoramiento-del-complejo-deportivo-de-rayuela-en-vallenar","status":"publish","type":"post","link":"https:\/\/www.radioamigavallenar.cl\/?p=99123","title":{"rendered":"Con una inversi\u00f3n que supera los $150 millones inauguran mejoramiento del Complejo Deportivo de Rayuela en Vallenar"},"content":{"rendered":"<p align=\"justify\">Con la participaci\u00f3n de autoridades regionales y locales, se llev\u00f3 a cabo la inauguraci\u00f3n de las obras de mejoramiento del Complejo Deportivo de Rayuela, ubicado en el Vivero Municipal de la comuna de Vallenar. La iniciativa, financiada con recursos del Gobierno Regional de Atacama, consider\u00f3 una inversi\u00f3n que super\u00f3 los 150 millones de pesos, lo cual permiti\u00f3 la pavimentaci\u00f3n de las canchas, instalaci\u00f3n de iluminaci\u00f3n LED y proyectores, cubiertas sombreadoras, accesibilidad universal y mejoras en las \u00e1reas verdes, transformando el recinto en un espacio moderno, inclusivo y acorde a las necesidades de sus usuarios.<\/p>\n<div class=\"code-block code-block-3\">\n<div id=\"sas_99069\"><\/div>\n<\/div>\n<p align=\"justify\">Durante la ceremonia, el Gobernador Regional, Miguel Vargas, expres\u00f3 su satisfacci\u00f3n por concretar este anhelo de la comunidad deportiva. \u201cSabemos que este complejo rayuelero era un anhelo de todos quienes practican este deporte tan lindo, deporte nacional como es la rayuela. Es una inversi\u00f3n aportada por el Gobierno Regional en una iniciativa formulada y postulada por la Municipalidadde Vallenar\u201d, se\u00f1al\u00f3.<\/p>\n<p align=\"justify\">En tanto, Juan Aguilera, socio fundador del Club de Rayuela La Esmeralda, quien agradeci\u00f3 la disposici\u00f3n del Gobernador Regional para sacar adelante este tipo de iniciativas, hizo un llamado a la unidad para mantener el recinto en \u00f3ptimas condiciones. \u201cPara mantener estas cosas tenemos que trabajar unidos: autoridades, dirigentes y quienes sabemos de rayuela. Hoy est\u00e1 muy lindo, pero no queremos que vuelva a suceder lo de a\u00f1os atr\u00e1s. Nos gustar\u00eda formar una comisi\u00f3n entre el municipio y los rayueleros, para postular a proyectos y asegurar su mantenci\u00f3n\u201d, plante\u00f3.<\/p>\n","protected":false},"excerpt":{"rendered":"<p>Con la participaci\u00f3n de autoridades regionales y locales, se llev\u00f3 a cabo la inauguraci\u00f3n de las obras de mejoramiento del Complejo Deportivo de Rayuela, ubicado&hellip; <\/p>\n","protected":false},"author":7,"featured_media":99124,"comment_status":"closed","ping_status":"closed","sticky":false,"template":"","format":"standard","meta":{"footnotes":""},"categories":[7],"tags":[],"class_list":["post-99123","post","type-post","status-publish","format-standard","has-post-thumbnail","hentry","category-atacama"],"_links":{"self":[{"href":"https:\/\/www.radioamigavallenar.cl\/index.php?rest_route=\/wp\/v2\/posts\/99123","targetHints":{"allow":["GET"]}}],"collection":[{"href":"https:\/\/www.radioamigavallenar.cl\/index.php?rest_route=\/wp\/v2\/posts"}],"about":[{"href":"https:\/\/www.radioamigavallenar.cl\/index.php?rest_route=\/wp\/v2\/types\/post"}],"author":[{"embeddable":true,"href":"https:\/\/www.radioamigavallenar.cl\/index.php?rest_route=\/wp\/v2\/users\/7"}],"replies":[{"embeddable":true,"href":"https:\/\/www.radioamigavallenar.cl\/index.php?rest_route=%2Fwp%2Fv2%2Fcomments&post=99123"}],"version-history":[{"count":1,"href":"https:\/\/www.radioamigavallenar.cl\/index.php?rest_route=\/wp\/v2\/posts\/99123\/revisions"}],"predecessor-version":[{"id":99125,"href":"https:\/\/www.radioamigavallenar.cl\/index.php?rest_route=\/wp\/v2\/posts\/99123\/revisions\/99125"}],"wp:featuredmedia":[{"embeddable":true,"href":"https:\/\/www.radioamigavallenar.cl\/index.php?rest_route=\/wp\/v2\/media\/99124"}],"wp:attachment":[{"href":"https:\/\/www.radioamigavallenar.cl\/index.php?rest_route=%2Fwp%2Fv2%2Fmedia&parent=99123"}],"wp:term":[{"taxonomy":"category","embeddable":true,"href":"https:\/\/www.radioamigavallenar.cl\/index.php?rest_route=%2Fwp%2Fv2%2Fcategories&post=99123"},{"taxonomy":"post_tag","embeddable":true,"href":"https:\/\/www.radioamigavallenar.cl\/index.php?rest_route=%2Fwp%2Fv2%2Ftags&post=99123"}],"curies":[{"name":"wp","href":"https:\/\/api.w.org\/{rel}","templated":true}]}}