{"id":99120,"date":"2026-03-04T00:00:27","date_gmt":"2026-03-04T03:00:27","guid":{"rendered":"https:\/\/www.radioamigavallenar.cl\/?p=99120"},"modified":"2026-03-03T23:52:10","modified_gmt":"2026-03-04T02:52:10","slug":"operativo-dermatologia-hospital-de-copiapo-realiza-inedita-cirugia-de-mohs","status":"publish","type":"post","link":"https:\/\/www.radioamigavallenar.cl\/?p=99120","title":{"rendered":"Operativo Dermatolog\u00eda: Hospital de Copiap\u00f3 realiza in\u00e9dita Cirug\u00eda de Mohs"},"content":{"rendered":"<p lang=\"es-ES\" align=\"justify\"><strong><span lang=\"es-CL\">Es la primera vez que este tipo de cirug\u00eda de alta complejidad se realiza en la Regi\u00f3n de Atacama.<\/span><\/strong><span id=\"more-39391\"><\/span><\/p>\n<div class=\"code-block code-block-3\">\n<div id=\"sas_99069\"><\/div>\n<\/div>\n<p lang=\"es-ES\" align=\"justify\">\n<p lang=\"es-ES\" align=\"justify\">\n<p lang=\"es-ES\" align=\"justify\"><span lang=\"es-CL\">El Servicio de Dermatolog\u00eda del Hospital de Copiap\u00f3 (HRC) lider\u00f3 un operativo p\u00fablico-privado para realizar una in\u00e9dita cirug\u00eda de Mohs en la regi\u00f3n de Atacama. Para este operativo se cont\u00f3 con la participaci\u00f3n del Servicio de Dermatolog\u00eda del HRC, cuatro m\u00e9dicos dermat\u00f3logos provenientes de Santiago, adem\u00e1s de un m\u00e9dico anatomopat\u00f3logo, todos ellos especialistas en Cirug\u00eda de Mohs, t\u00e9cnica de alta complejidad indicada principalmente para c\u00e1nceres de piel no melanoma complejos.<\/span><\/p>\n<div class=\"code-block code-block-5\">\n<div id=\"sas_99435\"><\/div>\n<\/div>\n<p lang=\"es-ES\" align=\"justify\">\u201c<span lang=\"es-CL\">Quiero felicitar la gesti\u00f3n del Servicio de Salud Atacama que permite que, en esta ocasi\u00f3n, se pueda materializar este trabajo en el Hospital Regional. Este operativo permiti\u00f3 realizar operaciones quir\u00fargicas de alta complejidad en dermatolog\u00eda. Esta es una necesidad que tenemos en listas de espera y esta acci\u00f3n se suma al esfuerzo en conjunto que se est\u00e1 haciendo en la regi\u00f3n para enfrentar una de las grandes preocupaciones que tenemos en el \u00e1mbito de la salud, y que tiene que ir disminuyendo. Agradezco el trabajo entre Servicio de Salud Atacama y Gobierno Regional para seguir fortaleciendo este trabajo\u201d destac\u00f3 el Gobernador de Atacama, Miguel Vargas.<\/span><\/p>\n<p lang=\"es-ES\" align=\"justify\"><span lang=\"es-CL\">Este operativo se realiz\u00f3 los d\u00edas 27 y 28 de febrero donde se resolvi\u00f3 quir\u00fargicamente a m\u00e1s de 25 pacientes. \u201cEstamos muy contentos ya que este operativo es primero en la regi\u00f3n. Por primera vez estamos trayendo 4 dermato-onc\u00f3logos y diversos profesionales que suman al equipo del Hospital Regional para hacer esta cirug\u00eda de alta complejidad que nunca se hab\u00eda hecho en la regi\u00f3n. Son cirug\u00edas que demoran de 2 a 3 horas por paciente y el 100% de los pacientes son oncol\u00f3gicos. Estamos muy contentos de que el HRC se est\u00e9 complejizando y por supuesto dando soluci\u00f3n a los pacientes que ten\u00edan que trasladarse al Hospital de Antofagasta para tener esta intervenci\u00f3n quir\u00fargica. Agradecemos el enorme esfuerzo y gesti\u00f3n de las dermat\u00f3logas del Hospital de Copiap\u00f3\u201d expres\u00f3 el Director del Servicio de Salud Atacama, Bernardo Villablanca.<\/span><\/p>\n<p lang=\"es-ES\" align=\"justify\"><span lang=\"es-CL\">Para que estos operativos pudieran realizarse, se realiz\u00f3 un trabajo de colaboraci\u00f3n con el mundo privado, especialmente, con compa\u00f1\u00eda Minera Candelaria, ASMECO, Autocentro Nicol\u00e1s, Depetris Miner\u00eda y Transporte, Casino Antay y Laboratorios Bag\u00f3. \u201cQuiero partir agradeciendo a la jefa del Servicio de Dermatolog\u00eda de nuestro recinto, la Dra. Ignacia Fuentes apoyada por la Dra. Paula Almeida ya que por iniciativa propia parten con estos operativos y necesidad de traer fortalecimiento a la salud de la regi\u00f3n. Cabe destacar que estas iniciativas no pueden concretarse sin el apoyo del sector privado o del Gobierno Regional y gracias a ellos se dan estos resultados que hoy estamos viendo\u201d detall\u00f3 el director del Hospital de Copiap\u00f3 Sergio Ripoll.<\/span><\/p>\n<p lang=\"es-ES\" align=\"justify\"><span lang=\"es-CL\">Cabe destacar que desde el Servicio de Dermatolog\u00eda se est\u00e1n realizando todos los esfuerzos posibles para acercar prestaciones de alta complejidad a la comunidad y mejorar el acceso a una atenci\u00f3n oncol\u00f3gica especializada. Tal como lo detall\u00f3 la Dra. Ignacia Fuentes, jefa de dicho Servicio: \u201cCuando llegamos al Hospital de Copiap\u00f3 (alrededor de seis meses) nos dimos cuenta de que exist\u00eda una gran cantidad de usuarios con c\u00e1ncer de piel no melanoma que no pod\u00edan ser resueltos en la regi\u00f3n debido a la complejidad de sus lesiones o porque no exist\u00eda la t\u00e9cnica especializada. Frente a esta realidad, fue que quisimos contactar a nuestros profesores mientras realiz\u00e1bamos la especialidad de dermatolog\u00eda, quienes con gran inter\u00e9s y generosidad accedieron a venir a ayudarnos a operar todos estos complejos casos.<\/span>\u00a0Posterior al operativo,\u00a0<span lang=\"es-CL\">vamos a seguir con evaluaciones de los pacientes sin la necesidad de que est\u00e9n viajando\u201d.<\/span><\/p>\n<p lang=\"es-ES\" align=\"justify\">\u201c<span lang=\"es-CL\">Estoy muy contento porque esper\u00e9 esta operaci\u00f3n alrededor de un mes y aprovechamos el operativo. Para mi es muy bueno porque no viajo a otra ciudad y estando aqu\u00ed es muy bueno. Agradezco y que ojal\u00e1 se sigan haciendo estos operativos, no solo dermatolog\u00eda, sino que en todos los aspectos\u201d finaliz\u00f3 Luis Cort\u00e9s, paciente intervenido.<\/span><\/p>\n","protected":false},"excerpt":{"rendered":"<p>Es la primera vez que este tipo de cirug\u00eda de alta complejidad se realiza en la Regi\u00f3n de Atacama. El Servicio de Dermatolog\u00eda del Hospital&hellip; <\/p>\n","protected":false},"author":7,"featured_media":99121,"comment_status":"closed","ping_status":"closed","sticky":false,"template":"","format":"standard","meta":{"footnotes":""},"categories":[38],"tags":[],"class_list":["post-99120","post","type-post","status-publish","format-standard","has-post-thumbnail","hentry","category-portada-regional"],"_links":{"self":[{"href":"https:\/\/www.radioamigavallenar.cl\/index.php?rest_route=\/wp\/v2\/posts\/99120","targetHints":{"allow":["GET"]}}],"collection":[{"href":"https:\/\/www.radioamigavallenar.cl\/index.php?rest_route=\/wp\/v2\/posts"}],"about":[{"href":"https:\/\/www.radioamigavallenar.cl\/index.php?rest_route=\/wp\/v2\/types\/post"}],"author":[{"embeddable":true,"href":"https:\/\/www.radioamigavallenar.cl\/index.php?rest_route=\/wp\/v2\/users\/7"}],"replies":[{"embeddable":true,"href":"https:\/\/www.radioamigavallenar.cl\/index.php?rest_route=%2Fwp%2Fv2%2Fcomments&post=99120"}],"version-history":[{"count":1,"href":"https:\/\/www.radioamigavallenar.cl\/index.php?rest_route=\/wp\/v2\/posts\/99120\/revisions"}],"predecessor-version":[{"id":99122,"href":"https:\/\/www.radioamigavallenar.cl\/index.php?rest_route=\/wp\/v2\/posts\/99120\/revisions\/99122"}],"wp:featuredmedia":[{"embeddable":true,"href":"https:\/\/www.radioamigavallenar.cl\/index.php?rest_route=\/wp\/v2\/media\/99121"}],"wp:attachment":[{"href":"https:\/\/www.radioamigavallenar.cl\/index.php?rest_route=%2Fwp%2Fv2%2Fmedia&parent=99120"}],"wp:term":[{"taxonomy":"category","embeddable":true,"href":"https:\/\/www.radioamigavallenar.cl\/index.php?rest_route=%2Fwp%2Fv2%2Fcategories&post=99120"},{"taxonomy":"post_tag","embeddable":true,"href":"https:\/\/www.radioamigavallenar.cl\/index.php?rest_route=%2Fwp%2Fv2%2Ftags&post=99120"}],"curies":[{"name":"wp","href":"https:\/\/api.w.org\/{rel}","templated":true}]}}