{"id":99117,"date":"2026-03-04T00:00:28","date_gmt":"2026-03-04T03:00:28","guid":{"rendered":"https:\/\/www.radioamigavallenar.cl\/?p=99117"},"modified":"2026-03-03T23:42:25","modified_gmt":"2026-03-04T02:42:25","slug":"sonami-participa-en-pdac-2026-con-foco-en-proyectar-a-chile-como-destino-de-inversion-confiable-y-competitivo","status":"publish","type":"post","link":"https:\/\/www.radioamigavallenar.cl\/?p=99117","title":{"rendered":"SONAMI participa en PDAC 2026 con foco en proyectar a Chile como destino de inversi\u00f3n confiable y competitivo"},"content":{"rendered":"<p>El presidente del gremio, Jorge Riesco, junto a la gerenta general, Carolina V\u00e1squez, y el gerente de Estudios, Reinaldo Salazar, son parte de la delegaci\u00f3n chilena que acompa\u00f1a al Ministerio de Miner\u00eda en el evento internacional. Riesco dio palabras de inicio en el seminario que busca promover la inversi\u00f3n extranjera hacia el pa\u00eds.<\/p>\n<p>La Sociedad Nacional de Miner\u00eda (SONAMI) se encuentra participando en la PDAC 2026 (Prospectors &amp; Developers Association of Canada), la principal convenci\u00f3n mundial de exploraci\u00f3n minera, que se desarrolla entre el 1 y el 4 de marzo en el Metro Toronto Convention Centre.<\/p>\n<p>La delegaci\u00f3n gremial est\u00e1 encabezada por su presidente, Jorge Riesco, junto a la gerenta general, Carolina V\u00e1squez, y el gerente de Estudios, Reinaldo Salazar, quienes tienen una nutrida agenda de reuniones bilaterales, seminarios y encuentros con inversionistas, autoridades y representantes de compa\u00f1\u00edas mineras globales.<\/p>\n<p>Desde Toronto, el presidente del gremio destac\u00f3 la relevancia de participar para fortalecer v\u00ednculos con mercados clave como Estados Unidos y Canad\u00e1, \u201cdesde donde vienen las principales inversiones para Chile\u201d. En ese sentido, a\u00f1adi\u00f3 que \u201cen un escenario internacional marcado por una creciente competencia por minerales cr\u00edticos y seguridad de suministro, la presencia de SONAMI busca proyectar a Chile como un destino confiable, competitivo y con visi\u00f3n de largo plazo\u201d.<\/p>\n<p>Con eso a la vista, el l\u00edder gremial dio palabras de inicio en Seminario Chile, el cual busca promover inversi\u00f3n extranjera hacia el pa\u00eds, donde reafirm\u00f3 que Chile cuenta con ventajas estructurales \u00fanicas y una cartera relevante de proyectos vinculados a cobre y minerales cr\u00edticos, fundamentales para la electrificaci\u00f3n y la seguridad de suministro global. \u201cEstamos hablando de oportunidades concretas, de largo plazo, con fundamentos s\u00f3lidos de demanda estructural\u201d, destac\u00f3.<\/p>\n<p>Por su parte, la gerenta general, Carolina V\u00e1squez, enfatiz\u00f3 en el valor estrat\u00e9gico de la participaci\u00f3n gremial en este espacio internacional: \u201cLa PDAC es una de las ferias internacionales de miner\u00eda m\u00e1s importantes, y por lo tanto para nosotros es fundamental estar donde se discuten no s\u00f3lo temas relacionados con la operaci\u00f3n y temas de productividad, sino tambi\u00e9n otros de importancia, como el capital humano, el desarrollo de pol\u00edticas p\u00fablicas y las nuevas tendencias regulatorias. Esto nos abre el abanico de conocimientos y tambi\u00e9n nos orienta respecto de hacia d\u00f3nde va la discusi\u00f3n en materia internacional\u201d.<\/p>\n<p>La agenda de la delegaci\u00f3n chilena en esta feria \u2013donde se esperan m\u00e1s de 30 mil visitantes\u2013 incluye participaci\u00f3n en seminarios especializados, encuentros con ejecutivos de compa\u00f1\u00edas mineras internacionales, reuniones con representantes de mercados financieros y espacios de networking junto a otras delegaciones internacionales.<\/p>\n","protected":false},"excerpt":{"rendered":"<p>El presidente del gremio, Jorge Riesco, junto a la gerenta general, Carolina V\u00e1squez, y el gerente de Estudios, Reinaldo Salazar, son parte de la delegaci\u00f3n&hellip; <\/p>\n","protected":false},"author":7,"featured_media":99118,"comment_status":"closed","ping_status":"closed","sticky":false,"template":"","format":"standard","meta":{"footnotes":""},"categories":[38],"tags":[],"class_list":["post-99117","post","type-post","status-publish","format-standard","has-post-thumbnail","hentry","category-portada-regional"],"_links":{"self":[{"href":"https:\/\/www.radioamigavallenar.cl\/index.php?rest_route=\/wp\/v2\/posts\/99117","targetHints":{"allow":["GET"]}}],"collection":[{"href":"https:\/\/www.radioamigavallenar.cl\/index.php?rest_route=\/wp\/v2\/posts"}],"about":[{"href":"https:\/\/www.radioamigavallenar.cl\/index.php?rest_route=\/wp\/v2\/types\/post"}],"author":[{"embeddable":true,"href":"https:\/\/www.radioamigavallenar.cl\/index.php?rest_route=\/wp\/v2\/users\/7"}],"replies":[{"embeddable":true,"href":"https:\/\/www.radioamigavallenar.cl\/index.php?rest_route=%2Fwp%2Fv2%2Fcomments&post=99117"}],"version-history":[{"count":1,"href":"https:\/\/www.radioamigavallenar.cl\/index.php?rest_route=\/wp\/v2\/posts\/99117\/revisions"}],"predecessor-version":[{"id":99119,"href":"https:\/\/www.radioamigavallenar.cl\/index.php?rest_route=\/wp\/v2\/posts\/99117\/revisions\/99119"}],"wp:featuredmedia":[{"embeddable":true,"href":"https:\/\/www.radioamigavallenar.cl\/index.php?rest_route=\/wp\/v2\/media\/99118"}],"wp:attachment":[{"href":"https:\/\/www.radioamigavallenar.cl\/index.php?rest_route=%2Fwp%2Fv2%2Fmedia&parent=99117"}],"wp:term":[{"taxonomy":"category","embeddable":true,"href":"https:\/\/www.radioamigavallenar.cl\/index.php?rest_route=%2Fwp%2Fv2%2Fcategories&post=99117"},{"taxonomy":"post_tag","embeddable":true,"href":"https:\/\/www.radioamigavallenar.cl\/index.php?rest_route=%2Fwp%2Fv2%2Ftags&post=99117"}],"curies":[{"name":"wp","href":"https:\/\/api.w.org\/{rel}","templated":true}]}}