{"id":99114,"date":"2026-03-04T00:00:16","date_gmt":"2026-03-04T03:00:16","guid":{"rendered":"https:\/\/www.radioamigavallenar.cl\/?p=99114"},"modified":"2026-03-03T23:41:22","modified_gmt":"2026-03-04T02:41:22","slug":"camara-aprueba-resolucion-que-solicita-al-ejecutivo-elaborar-planes-para-estudio-de-drogas-en-aguas-residuales","status":"publish","type":"post","link":"https:\/\/www.radioamigavallenar.cl\/?p=99114","title":{"rendered":"C\u00e1mara aprueba resoluci\u00f3n que solicita al Ejecutivo elaborar planes para estudio de drogas en aguas residuales"},"content":{"rendered":"<p>La C\u00e1mara de Diputadas y Diputados aprob\u00f3 por 123 votos el proyecto de resoluci\u00f3n titulado \u201cSolicita a S. E. el Presidente de la Rep\u00fablica requerir la elaboraci\u00f3n de planes para el estudio de drogas en aguas residuales a nivel nacional, en especial en los lugares que indica\u201d, iniciativa presentada por el diputado Jaime Mulet.<\/p>\n<p>El texto aprobado solicita al Ejecutivo instruir a los ministerios de Seguridad P\u00fablica, Salud, Ciencia, Tecnolog\u00eda, Conocimiento e Innovaci\u00f3n, y Justicia y Derechos Humanos, para que elaboren una pol\u00edtica p\u00fablica de estudio de aguas residuales orientada a la detecci\u00f3n del consumo de drogas, junto con la adopci\u00f3n de protocolos que permitan su implementaci\u00f3n progresiva a nivel nacional.<\/p>\n<p>&nbsp;<\/p>\n<p style=\"text-align: center;\"><strong>Antecedentes del proyecto<\/strong><\/p>\n<p>La resoluci\u00f3n expone que actualmente la principal herramienta para medir el consumo de drogas en Chile es el Estudio Nacional de Drogas en Poblaci\u00f3n General, que se realiza desde 1994. Si bien esta encuesta ha permitido observar tendencias, el texto advierte limitaciones relevantes: baja frecuencia en su aplicaci\u00f3n, problemas de representatividad y posibles sesgos en la informaci\u00f3n, especialmente debido al estigma asociado al consumo. Adem\u00e1s, excluye a poblaciones en situaci\u00f3n de calle o institucionalizadas, como recintos hospitalarios y penitenciarios.<\/p>\n<p>Frente a ello, la iniciativa plantea la necesidad de incorporar mecanismos complementarios y m\u00e1s objetivos de monitoreo, considerando el aumento del narcotr\u00e1fico y su penetraci\u00f3n en diversos espacios del pa\u00eds. En particular, propone priorizar an\u00e1lisis en aguas grises de lugares donde el ingreso de drogas no debiese producirse, como los recintos carcelarios.<\/p>\n<p>El documento destaca que el an\u00e1lisis de aguas residuales es una metodolog\u00eda innovadora y de relativo bajo costo, que ha sido implementada en distintos pa\u00edses. En Europa, desde 2010 funciona una red especializada que coordina estudios bajo protocolos comunes. En Am\u00e9rica Latina, Chile ha avanzado en esta l\u00ednea junto a Argentina y Uruguay, desarrollando sus propios est\u00e1ndares.<\/p>\n<p>En el \u00e1mbito nacional, se menciona la experiencia del Centro de Vigilancia de Aguas Residuales de la Universidad Cat\u00f3lica de la Sant\u00edsima Concepci\u00f3n, en la Regi\u00f3n del Biob\u00edo, donde a trav\u00e9s del denominado \u201cProyecto Centinela\u201d \u2014iniciado durante la pandemia para detectar COVID-19 y otros pat\u00f3genos\u2014 se han realizado estudios que permitieron identificar patrones de consumo de drogas a nivel regional. Estos antecedentes, seg\u00fan el texto, demuestran la factibilidad t\u00e9cnica y el valor estrat\u00e9gico de contar con sistemas de alerta temprana basados en evidencia cient\u00edfica.<\/p>\n<p>La resoluci\u00f3n se\u00f1ala que para su implementaci\u00f3n se requerir\u00e1 personal especializado, laboratorios equipados y protocolos metodol\u00f3gicos estandarizados que aseguren la calidad y comparabilidad de los resultados.<\/p>\n<p>&nbsp;<\/p>\n<p style=\"text-align: center;\">Instituciones priorizadas<\/p>\n<p>La propuesta contempla la implementaci\u00f3n permanente del monitoreo en una serie de instituciones estrat\u00e9gicas, entre ellas:<\/p>\n<p>\u00b7 Congreso Nacional<\/p>\n<p>\u00b7 Palacio de La Moneda<\/p>\n<p>\u00b7 Recintos penitenciarios p\u00fablicos y concesionados<\/p>\n<p>\u00b7 Centros de internaci\u00f3n de menores<\/p>\n<p>\u00b7 Cuarteles de las Fuerzas Armadas<\/p>\n<p>\u00b7 Unidades policiales<\/p>\n<p>\u00b7 Escuelas matrices de Fuerzas Armadas y polic\u00edas<\/p>\n<p>\u00b7 Edificios de Gobiernos Regionales<\/p>\n<p>\u00b7 Tribunales de Justicia<\/p>\n<p>\u00b7 Ministerios<\/p>\n<p>\u00b7 Ministerio P\u00fablico<\/p>\n<p>\u00b7 Contralor\u00eda General de la Rep\u00fablica<\/p>\n<p>El diputado Jaime Mulet se\u00f1al\u00f3 que la iniciativa busca que el Estado asuma una pol\u00edtica p\u00fablica basada en evidencia cient\u00edfica para enfrentar el fen\u00f3meno del consumo de drogas. \u201cEstamos frente a una realidad que tiene impactos sanitarios, sociales y ambientales. Es necesario contar con informaci\u00f3n objetiva y sistem\u00e1tica que permita dise\u00f1ar mejores pol\u00edticas de prevenci\u00f3n y recuperaci\u00f3n\u201d, indic\u00f3.<\/p>\n<p>La resoluci\u00f3n argumenta adem\u00e1s que el consumo problem\u00e1tico debe abordarse desde una perspectiva integral, considerando sus efectos biosicosociales y diferenciando entre sustancias il\u00edcitas y aquellas l\u00edcitas que requieren prescripci\u00f3n m\u00e9dica y control facultativo.<\/p>\n","protected":false},"excerpt":{"rendered":"<p>La C\u00e1mara de Diputadas y Diputados aprob\u00f3 por 123 votos el proyecto de resoluci\u00f3n titulado \u201cSolicita a S. E. el Presidente de la Rep\u00fablica requerir&hellip; <\/p>\n","protected":false},"author":7,"featured_media":99115,"comment_status":"closed","ping_status":"closed","sticky":false,"template":"","format":"standard","meta":{"footnotes":""},"categories":[7],"tags":[],"class_list":["post-99114","post","type-post","status-publish","format-standard","has-post-thumbnail","hentry","category-atacama"],"_links":{"self":[{"href":"https:\/\/www.radioamigavallenar.cl\/index.php?rest_route=\/wp\/v2\/posts\/99114","targetHints":{"allow":["GET"]}}],"collection":[{"href":"https:\/\/www.radioamigavallenar.cl\/index.php?rest_route=\/wp\/v2\/posts"}],"about":[{"href":"https:\/\/www.radioamigavallenar.cl\/index.php?rest_route=\/wp\/v2\/types\/post"}],"author":[{"embeddable":true,"href":"https:\/\/www.radioamigavallenar.cl\/index.php?rest_route=\/wp\/v2\/users\/7"}],"replies":[{"embeddable":true,"href":"https:\/\/www.radioamigavallenar.cl\/index.php?rest_route=%2Fwp%2Fv2%2Fcomments&post=99114"}],"version-history":[{"count":1,"href":"https:\/\/www.radioamigavallenar.cl\/index.php?rest_route=\/wp\/v2\/posts\/99114\/revisions"}],"predecessor-version":[{"id":99116,"href":"https:\/\/www.radioamigavallenar.cl\/index.php?rest_route=\/wp\/v2\/posts\/99114\/revisions\/99116"}],"wp:featuredmedia":[{"embeddable":true,"href":"https:\/\/www.radioamigavallenar.cl\/index.php?rest_route=\/wp\/v2\/media\/99115"}],"wp:attachment":[{"href":"https:\/\/www.radioamigavallenar.cl\/index.php?rest_route=%2Fwp%2Fv2%2Fmedia&parent=99114"}],"wp:term":[{"taxonomy":"category","embeddable":true,"href":"https:\/\/www.radioamigavallenar.cl\/index.php?rest_route=%2Fwp%2Fv2%2Fcategories&post=99114"},{"taxonomy":"post_tag","embeddable":true,"href":"https:\/\/www.radioamigavallenar.cl\/index.php?rest_route=%2Fwp%2Fv2%2Ftags&post=99114"}],"curies":[{"name":"wp","href":"https:\/\/api.w.org\/{rel}","templated":true}]}}