{"id":99112,"date":"2026-03-03T12:30:55","date_gmt":"2026-03-03T15:30:55","guid":{"rendered":"https:\/\/www.radioamigavallenar.cl\/?p=99112"},"modified":"2026-03-03T12:30:55","modified_gmt":"2026-03-03T15:30:55","slug":"enami-ratifica-su-clasificacion-de-riesgo-en-linea-con-sus-resultados-2025","status":"publish","type":"post","link":"https:\/\/www.radioamigavallenar.cl\/?p=99112","title":{"rendered":"ENAMI ratifica su clasificaci\u00f3n de riesgo en l\u00ednea con sus resultados 2025"},"content":{"rendered":"<p><strong>La ratificaci\u00f3n de clasificaciones en AAA Estable y AA Estable reafirma la estabilidad financiera de ENAMI y respalda la continuidad de su rol estrat\u00e9gico en el fomento de la peque\u00f1a y mediana miner\u00eda, as\u00ed como en su contribuci\u00f3n a la Estrategia Nacional del Litio, destac\u00f3 el vicepresidente ejecutivo de la estatal.<\/strong><\/p>\n<p>Las clasificadoras de riesgo nacionales ICR y Feller Rate ratificaron la clasificaci\u00f3n crediticia de la Empresa Nacional de Miner\u00eda (ENAMI), tanto en su solvencia como en su l\u00ednea de bonos, manteniendo la categor\u00eda y su perspectiva. En particular, ICR confirm\u00f3 la clasificaci\u00f3n AAA con perspectiva Estable, mientras que Feller Rate ratific\u00f3 la categor\u00eda AA con perspectiva Estable.<\/p>\n<p>El vicepresidente ejecutivo de la estatal, Iv\u00e1n Mlynarz, valor\u00f3 estas ratificaciones, se\u00f1alando que \u201ces resultado de la estrategia implementada en esta administraci\u00f3n. ENAMI hoy es una empresa confiable para el mercado, est\u00e1 en una situaci\u00f3n de estabilidad, lo que asegura la continuidad de su rol estrat\u00e9gico en el fomento de la peque\u00f1a y mediana miner\u00eda, as\u00ed como en su contribuci\u00f3n a la Estrategia Nacional del Litio\u201d.<\/p>\n<p>En este contexto, el VPE destac\u00f3 el rol clave que cumpli\u00f3 el recientemente fallecido gerente de Administraci\u00f3n y Finanzas, Ariel Azar N\u00fa\u00f1ez, en la obtenci\u00f3n de estos resultados. \u201cAriel lleg\u00f3 a la ENAMI en un momento en que la empresa estaba muy afectada financieramente. Con su profesionalismo y visi\u00f3n estrat\u00e9gica logramos adoptar las medidas necesarias para sacar adelante a la compa\u00f1\u00eda. Su aporte fue fundamental en la recuperaci\u00f3n de la estatal y as\u00ed lo demuestran tanto esta ratificaci\u00f3n del bajo riesgo de la empresa como los Estados Financieros 2025\u201d, dijo.<\/p>\n<p>Los an\u00e1lisis de las clasificadoras destacan el s\u00f3lido respaldo del Estado a ENAMI, evidenciado en procesos de capitalizaci\u00f3n y en diversas medidas de fortalecimiento financiero. Asimismo, se valor\u00f3 la mejora estructural alcanzada en los \u00faltimos dos a\u00f1os, impulsada por la venta del 10% de la participaci\u00f3n en Quebrada Blanca, operaci\u00f3n que permiti\u00f3 una reducci\u00f3n significativa del stock de deuda y del gasto financiero, junto con una optimizaci\u00f3n del perfil de vencimientos.<\/p>\n<p>En el \u00e1mbito operacional, el cese temporal de la Fundici\u00f3n Hern\u00e1n Videla Lira, junto con las permanentes acciones de mejora continua implementadas en los distintos planteles de ENAMI, han permitido consolidar una pol\u00edtica de contenci\u00f3n de costos, optimizaci\u00f3n operativa y mejoras en los procesos productivos.<\/p>\n<p>Estas medidas se han traducido en incrementos de los m\u00e1rgenes operacionales y metal\u00fargicos, contribuyendo a una mejora estructural del EBITDA y fortaleciendo la eficiencia y sostenibilidad de la operaci\u00f3n.<\/p>\n","protected":false},"excerpt":{"rendered":"<p>La ratificaci\u00f3n de clasificaciones en AAA Estable y AA Estable reafirma la estabilidad financiera de ENAMI y respalda la continuidad de su rol estrat\u00e9gico en&hellip; <\/p>\n","protected":false},"author":7,"featured_media":91320,"comment_status":"closed","ping_status":"closed","sticky":false,"template":"","format":"standard","meta":{"footnotes":""},"categories":[7],"tags":[],"class_list":["post-99112","post","type-post","status-publish","format-standard","has-post-thumbnail","hentry","category-atacama"],"_links":{"self":[{"href":"https:\/\/www.radioamigavallenar.cl\/index.php?rest_route=\/wp\/v2\/posts\/99112","targetHints":{"allow":["GET"]}}],"collection":[{"href":"https:\/\/www.radioamigavallenar.cl\/index.php?rest_route=\/wp\/v2\/posts"}],"about":[{"href":"https:\/\/www.radioamigavallenar.cl\/index.php?rest_route=\/wp\/v2\/types\/post"}],"author":[{"embeddable":true,"href":"https:\/\/www.radioamigavallenar.cl\/index.php?rest_route=\/wp\/v2\/users\/7"}],"replies":[{"embeddable":true,"href":"https:\/\/www.radioamigavallenar.cl\/index.php?rest_route=%2Fwp%2Fv2%2Fcomments&post=99112"}],"version-history":[{"count":1,"href":"https:\/\/www.radioamigavallenar.cl\/index.php?rest_route=\/wp\/v2\/posts\/99112\/revisions"}],"predecessor-version":[{"id":99113,"href":"https:\/\/www.radioamigavallenar.cl\/index.php?rest_route=\/wp\/v2\/posts\/99112\/revisions\/99113"}],"wp:featuredmedia":[{"embeddable":true,"href":"https:\/\/www.radioamigavallenar.cl\/index.php?rest_route=\/wp\/v2\/media\/91320"}],"wp:attachment":[{"href":"https:\/\/www.radioamigavallenar.cl\/index.php?rest_route=%2Fwp%2Fv2%2Fmedia&parent=99112"}],"wp:term":[{"taxonomy":"category","embeddable":true,"href":"https:\/\/www.radioamigavallenar.cl\/index.php?rest_route=%2Fwp%2Fv2%2Fcategories&post=99112"},{"taxonomy":"post_tag","embeddable":true,"href":"https:\/\/www.radioamigavallenar.cl\/index.php?rest_route=%2Fwp%2Fv2%2Ftags&post=99112"}],"curies":[{"name":"wp","href":"https:\/\/api.w.org\/{rel}","templated":true}]}}