{"id":99109,"date":"2026-03-03T12:17:54","date_gmt":"2026-03-03T15:17:54","guid":{"rendered":"https:\/\/www.radioamigavallenar.cl\/?p=99109"},"modified":"2026-03-03T12:17:54","modified_gmt":"2026-03-03T15:17:54","slug":"carabineros-refuerza-llamado-a-la-prevencion-ante-ultimo-festival-del-verano-en-la-provincia","status":"publish","type":"post","link":"https:\/\/www.radioamigavallenar.cl\/?p=99109","title":{"rendered":"Carabineros refuerza llamado a la prevenci\u00f3n ante \u00faltimo festival del verano en la provincia"},"content":{"rendered":"<p>En el marco de la temporada estival y la realizaci\u00f3n de m\u00faltiples eventos p\u00fablicos en la Provincia del Huasco, el Comisario de Carabineros, Capit\u00e1n Leonardo Oyarz\u00fan, se refiri\u00f3 a los recientes procedimientos adoptados ante situaciones que han puesto en riesgo la seguridad de los asistentes.<\/p>\n<p>Seg\u00fan explic\u00f3 el oficial de Carabineros de Chile, durante las \u00faltimas actividades masivas se han detectado casos de venta y consumo de alcohol fuera de la normativa vigente, lo que genera focos de riesgo tanto para el p\u00fablico como para la convivencia y el orden p\u00fablico.<\/p>\n<p>El Capit\u00e1n Oyarz\u00fan se\u00f1al\u00f3 que estas conductas no solo infringen la ley, sino que tambi\u00e9n pueden derivar en ri\u00f1as, accidentes y otras situaciones que afectan directamente la seguridad de las familias que participan en estos espacios recreativos.<\/p>\n<p style=\"text-align: center;\"><strong>Festival Vallenar Canta bajo estricta coordinaci\u00f3n<\/strong><\/p>\n<p>De cara al pr\u00f3ximo fin de semana, cuando se desarrollar\u00e1 una nueva versi\u00f3n del Festival Vallenar Canta en la comuna de Vallenar, Carabineros inform\u00f3 que se reforzar\u00e1n los servicios preventivos y fiscalizaciones en coordinaci\u00f3n con la autoridad local y los organizadores.<\/p>\n<p>El comisario hizo un llamado a la responsabilidad de la comunidad, enfatizando que estos eventos est\u00e1n pensados para el disfrute familiar, por lo que es fundamental respetar las normas, evitar el consumo indebido de alcohol y denunciar situaciones irregulares.<\/p>\n<p>Asimismo, indic\u00f3 que Carabineros mantendr\u00e1 presencia activa antes, durante y despu\u00e9s del evento, con el objetivo de prevenir delitos y garantizar que la jornada se desarrolle con normalidad.<\/p>\n<p>Finalmente, la autoridad policial reiter\u00f3 la importancia de la colaboraci\u00f3n ciudadana para que las actividades masivas de verano contin\u00faen desarroll\u00e1ndose de manera segura en la Provincia del Huasco.<\/p>\n","protected":false},"excerpt":{"rendered":"<p>En el marco de la temporada estival y la realizaci\u00f3n de m\u00faltiples eventos p\u00fablicos en la Provincia del Huasco, el Comisario de Carabineros, Capit\u00e1n Leonardo&hellip; <\/p>\n","protected":false},"author":7,"featured_media":99110,"comment_status":"closed","ping_status":"closed","sticky":false,"template":"","format":"standard","meta":{"footnotes":""},"categories":[38],"tags":[],"class_list":["post-99109","post","type-post","status-publish","format-standard","has-post-thumbnail","hentry","category-portada-regional"],"_links":{"self":[{"href":"https:\/\/www.radioamigavallenar.cl\/index.php?rest_route=\/wp\/v2\/posts\/99109","targetHints":{"allow":["GET"]}}],"collection":[{"href":"https:\/\/www.radioamigavallenar.cl\/index.php?rest_route=\/wp\/v2\/posts"}],"about":[{"href":"https:\/\/www.radioamigavallenar.cl\/index.php?rest_route=\/wp\/v2\/types\/post"}],"author":[{"embeddable":true,"href":"https:\/\/www.radioamigavallenar.cl\/index.php?rest_route=\/wp\/v2\/users\/7"}],"replies":[{"embeddable":true,"href":"https:\/\/www.radioamigavallenar.cl\/index.php?rest_route=%2Fwp%2Fv2%2Fcomments&post=99109"}],"version-history":[{"count":1,"href":"https:\/\/www.radioamigavallenar.cl\/index.php?rest_route=\/wp\/v2\/posts\/99109\/revisions"}],"predecessor-version":[{"id":99111,"href":"https:\/\/www.radioamigavallenar.cl\/index.php?rest_route=\/wp\/v2\/posts\/99109\/revisions\/99111"}],"wp:featuredmedia":[{"embeddable":true,"href":"https:\/\/www.radioamigavallenar.cl\/index.php?rest_route=\/wp\/v2\/media\/99110"}],"wp:attachment":[{"href":"https:\/\/www.radioamigavallenar.cl\/index.php?rest_route=%2Fwp%2Fv2%2Fmedia&parent=99109"}],"wp:term":[{"taxonomy":"category","embeddable":true,"href":"https:\/\/www.radioamigavallenar.cl\/index.php?rest_route=%2Fwp%2Fv2%2Fcategories&post=99109"},{"taxonomy":"post_tag","embeddable":true,"href":"https:\/\/www.radioamigavallenar.cl\/index.php?rest_route=%2Fwp%2Fv2%2Ftags&post=99109"}],"curies":[{"name":"wp","href":"https:\/\/api.w.org\/{rel}","templated":true}]}}