{"id":99106,"date":"2026-03-03T12:15:51","date_gmt":"2026-03-03T15:15:51","guid":{"rendered":"https:\/\/www.radioamigavallenar.cl\/?p=99106"},"modified":"2026-03-03T12:15:51","modified_gmt":"2026-03-03T15:15:51","slug":"deportes-vallenar-realiza-pretemporada-y-busca-volver-a-tercera-a","status":"publish","type":"post","link":"https:\/\/www.radioamigavallenar.cl\/?p=99106","title":{"rendered":"Deportes Vallenar realiza pretemporada y busca volver a Tercera A"},"content":{"rendered":"<p>Con plantel pr\u00e1cticamente completo y la ilusi\u00f3n intacta, Deportes Vallenar inicio hace algunos d\u00edas la pretemporada 2026, marcando el comienzo de un proceso exigente que tiene como meta principal pelear el ascenso en la competitiva Tercera Divisi\u00f3n B. Dicho proceso continu\u00f3 el fin de semana, donde jugaron un partido amistoso con un club local de Huasco, derrot\u00e1ndolo por 6 a 4.<\/p>\n<p>Bajo la direcci\u00f3n t\u00e9cnica de Julio Villarroel, el conjunto albiverde contin\u00faa con su etapa de incorporaciones con la llegada de diversos refuerzos, varios de ellos con experiencia en divisiones de ascenso, apostando por jerarqu\u00eda y solidez para transformarse en protagonista del campeonato.<\/p>\n<p>En porter\u00eda, el club confirm\u00f3 al joven arquero Leandro Rodr\u00edguez, de 22 a\u00f1os, con pasado reciente en Quintero Unido. En defensa, se sumaron Felipe Chacana, lateral proveniente de Naval y ex San Luis de Quillota, adem\u00e1s del experimentado Heriberto Riveros, con trayectoria en Deportes Santa Cruz y Magallanes, quien aportar\u00e1 liderazgo y orden en la \u00faltima l\u00ednea.<\/p>\n<p>El mediocampo se reforz\u00f3 con Mart\u00edn Gonz\u00e1lez, ex General Vel\u00e1zquez y Quintero Unido; Leonardo Rom\u00e1n, formado en Magallanes; y Nicol\u00e1s Rodr\u00edguez, con base formativa en Uni\u00f3n La Calera, conformando un bloque que buscar\u00e1 equilibrio y din\u00e1mica en el juego.<\/p>\n<p>En ofensiva, el \u201cAlbiverde\u201d incorpor\u00f3 al polifuncional Sim\u00f3n Garc\u00eda como centrodelantero, con el objetivo de potenciar el volumen de ataque y la capacidad goleadora del equipo.<\/p>\n<p>El t\u00e9cnico Julio Villarroel explic\u00f3 que las primeras semanas estar\u00e1n enfocadas principalmente en la preparaci\u00f3n f\u00edsica del plantel. \u201cBuscamos encontrar el mejor estado f\u00edsico para afrontar un torneo muy exigente. Sabemos que ser\u00e1 una temporada dura, pero estamos preparando al equipo para pelear de la mejor manera y buscar el tan anhelado ascenso\u201d, se\u00f1al\u00f3.<\/p>\n<p>La planificaci\u00f3n contempla encuentros amistosos en las pr\u00f3ximas semanas para ajustar aspectos t\u00e1cticos y consolidar el funcionamiento colectivo. Adem\u00e1s, dentro del calendario previo al inicio oficial del torneo, se desarrollar\u00e1 la tradicional Noche Albiverde, instancia esperada por la hinchada vallenarina.<\/p>\n<p>Villarroel tambi\u00e9n subray\u00f3 la importancia de la organizaci\u00f3n considerando las exigencias log\u00edsticas del campeonato. \u201cEs una competencia muy pareja y con mucho desgaste, sobre todo por los viajes semana por medio. Una vez que conozcamos el fixture, afinaremos la planificaci\u00f3n para manejar las cargas f\u00edsicas y el rendimiento del equipo\u201d, explic\u00f3.<\/p>\n<p>Con la experiencia de temporadas anteriores y una base competitiva fortalecida con nuevos nombres, Deportes Vallenar comienza a ilusionarse con una campa\u00f1a 2026 que promete intensidad, compromiso y el firme prop\u00f3sito de volver a Tercera A, manteniendo el protagonismo que el club ha construido en los \u00faltimos a\u00f1os y respondiendo a las expectativas de su gente.<\/p>\n<p>&nbsp;<\/p>\n<p>Fuente: <a href=\"https:\/\/elnoticierodelhuasco.cl\/2026\/03\/deportes-vallenar-realiza-pretemporada-y-busca-volver-a-tercera-a\/\" target=\"_blank\" rel=\"noopener\">El Noticiero Del Huasco<\/a><\/p>\n","protected":false},"excerpt":{"rendered":"<p>Con plantel pr\u00e1cticamente completo y la ilusi\u00f3n intacta, Deportes Vallenar inicio hace algunos d\u00edas la pretemporada 2026, marcando el comienzo de un proceso exigente que&hellip; <\/p>\n","protected":false},"author":7,"featured_media":99107,"comment_status":"closed","ping_status":"closed","sticky":false,"template":"","format":"standard","meta":{"footnotes":""},"categories":[38],"tags":[],"class_list":["post-99106","post","type-post","status-publish","format-standard","has-post-thumbnail","hentry","category-portada-regional"],"_links":{"self":[{"href":"https:\/\/www.radioamigavallenar.cl\/index.php?rest_route=\/wp\/v2\/posts\/99106","targetHints":{"allow":["GET"]}}],"collection":[{"href":"https:\/\/www.radioamigavallenar.cl\/index.php?rest_route=\/wp\/v2\/posts"}],"about":[{"href":"https:\/\/www.radioamigavallenar.cl\/index.php?rest_route=\/wp\/v2\/types\/post"}],"author":[{"embeddable":true,"href":"https:\/\/www.radioamigavallenar.cl\/index.php?rest_route=\/wp\/v2\/users\/7"}],"replies":[{"embeddable":true,"href":"https:\/\/www.radioamigavallenar.cl\/index.php?rest_route=%2Fwp%2Fv2%2Fcomments&post=99106"}],"version-history":[{"count":1,"href":"https:\/\/www.radioamigavallenar.cl\/index.php?rest_route=\/wp\/v2\/posts\/99106\/revisions"}],"predecessor-version":[{"id":99108,"href":"https:\/\/www.radioamigavallenar.cl\/index.php?rest_route=\/wp\/v2\/posts\/99106\/revisions\/99108"}],"wp:featuredmedia":[{"embeddable":true,"href":"https:\/\/www.radioamigavallenar.cl\/index.php?rest_route=\/wp\/v2\/media\/99107"}],"wp:attachment":[{"href":"https:\/\/www.radioamigavallenar.cl\/index.php?rest_route=%2Fwp%2Fv2%2Fmedia&parent=99106"}],"wp:term":[{"taxonomy":"category","embeddable":true,"href":"https:\/\/www.radioamigavallenar.cl\/index.php?rest_route=%2Fwp%2Fv2%2Fcategories&post=99106"},{"taxonomy":"post_tag","embeddable":true,"href":"https:\/\/www.radioamigavallenar.cl\/index.php?rest_route=%2Fwp%2Fv2%2Ftags&post=99106"}],"curies":[{"name":"wp","href":"https:\/\/api.w.org\/{rel}","templated":true}]}}