{"id":99103,"date":"2026-03-03T12:13:41","date_gmt":"2026-03-03T15:13:41","guid":{"rendered":"https:\/\/www.radioamigavallenar.cl\/?p=99103"},"modified":"2026-03-03T12:13:41","modified_gmt":"2026-03-03T15:13:41","slug":"la-bolsa-de-santiago-cayo-5-y-el-dolar-volvio-a-superar-los-900-pesos","status":"publish","type":"post","link":"https:\/\/www.radioamigavallenar.cl\/?p=99103","title":{"rendered":"La Bolsa de Santiago cay\u00f3 5% y el d\u00f3lar volvi\u00f3 a superar los 900 pesos"},"content":{"rendered":"<p><strong>La Bolsa de Santiago registr\u00f3 una importante ca\u00edda<\/strong>\u00a0y, casi en paralelo, el\u00a0<strong>precio del d\u00f3lar volvi\u00f3 a superar los 900 pesos<\/strong>\u00a0la ma\u00f1ana de este martes.<\/p>\n<p><strong>Continuando su trayectoria a la baja<\/strong>, y\u00a0casi un mes despu\u00e9s de precipitarse en 2%,\u00a0<strong>el IPSA descendi\u00f3 en m\u00e1s de 5%<\/strong>.<\/p>\n<p>Por momentos,\u00a0<strong>el indicador se ubic\u00f3 por debajo de los 10.000 puntos, llegando a los 9.994<\/strong>\u00a0a las 10:53 horas, pero repunt\u00f3 hasta los 10.024 pasadas las 11:00 horas.<\/p>\n<p>En tanto,\u00a0<em>Bloomberg<\/em>\u00a0indic\u00f3 que el\u00a0<strong>precio del d\u00f3lar\u00a0super\u00f3 los 904 pesos<\/strong>\u00a0esta ma\u00f1ana,\u00a0<strong>su mayor valor en lo que va del 2026<\/strong>.<\/p>\n<p>Por lo pronto, el alza de la divisa estadounidense se interpreta como una\u00a0<strong>repercusi\u00f3n en nuestra econom\u00eda de\u00a0la guerra contra Ir\u00e1n<\/strong>.<\/p>\n","protected":false},"excerpt":{"rendered":"<p>La Bolsa de Santiago registr\u00f3 una importante ca\u00edda\u00a0y, casi en paralelo, el\u00a0precio del d\u00f3lar volvi\u00f3 a superar los 900 pesos\u00a0la ma\u00f1ana de este martes. Continuando&hellip; <\/p>\n","protected":false},"author":7,"featured_media":99104,"comment_status":"closed","ping_status":"closed","sticky":false,"template":"","format":"standard","meta":{"footnotes":""},"categories":[37],"tags":[],"class_list":["post-99103","post","type-post","status-publish","format-standard","has-post-thumbnail","hentry","category-nacional"],"_links":{"self":[{"href":"https:\/\/www.radioamigavallenar.cl\/index.php?rest_route=\/wp\/v2\/posts\/99103","targetHints":{"allow":["GET"]}}],"collection":[{"href":"https:\/\/www.radioamigavallenar.cl\/index.php?rest_route=\/wp\/v2\/posts"}],"about":[{"href":"https:\/\/www.radioamigavallenar.cl\/index.php?rest_route=\/wp\/v2\/types\/post"}],"author":[{"embeddable":true,"href":"https:\/\/www.radioamigavallenar.cl\/index.php?rest_route=\/wp\/v2\/users\/7"}],"replies":[{"embeddable":true,"href":"https:\/\/www.radioamigavallenar.cl\/index.php?rest_route=%2Fwp%2Fv2%2Fcomments&post=99103"}],"version-history":[{"count":1,"href":"https:\/\/www.radioamigavallenar.cl\/index.php?rest_route=\/wp\/v2\/posts\/99103\/revisions"}],"predecessor-version":[{"id":99105,"href":"https:\/\/www.radioamigavallenar.cl\/index.php?rest_route=\/wp\/v2\/posts\/99103\/revisions\/99105"}],"wp:featuredmedia":[{"embeddable":true,"href":"https:\/\/www.radioamigavallenar.cl\/index.php?rest_route=\/wp\/v2\/media\/99104"}],"wp:attachment":[{"href":"https:\/\/www.radioamigavallenar.cl\/index.php?rest_route=%2Fwp%2Fv2%2Fmedia&parent=99103"}],"wp:term":[{"taxonomy":"category","embeddable":true,"href":"https:\/\/www.radioamigavallenar.cl\/index.php?rest_route=%2Fwp%2Fv2%2Fcategories&post=99103"},{"taxonomy":"post_tag","embeddable":true,"href":"https:\/\/www.radioamigavallenar.cl\/index.php?rest_route=%2Fwp%2Fv2%2Ftags&post=99103"}],"curies":[{"name":"wp","href":"https:\/\/api.w.org\/{rel}","templated":true}]}}