{"id":99100,"date":"2026-03-03T12:12:44","date_gmt":"2026-03-03T15:12:44","guid":{"rendered":"https:\/\/www.radioamigavallenar.cl\/?p=99100"},"modified":"2026-03-03T12:12:44","modified_gmt":"2026-03-03T15:12:44","slug":"kast-ratifica-quiebre-con-boric-no-confiamos-en-la-informacion-que-se-nos-esta-entregando","status":"publish","type":"post","link":"https:\/\/www.radioamigavallenar.cl\/?p=99100","title":{"rendered":"Kast ratifica quiebre con Boric: \u00abNo confiamos en la informaci\u00f3n que se nos est\u00e1 entregando\u00bb"},"content":{"rendered":"<p>En una declaraci\u00f3n que marca un quiebre sin precedentes en la transici\u00f3n pol\u00edtica chilena, el presidente electo\u00a0<strong>Jos\u00e9 Antonio Kast<\/strong>\u00a0anunci\u00f3 este mediod\u00eda la suspensi\u00f3n inmediata del proceso de traspaso de mando con el gobierno del mandatario\u00a0<strong>Gabriel Boric<\/strong>.<\/p>\n<p>La decisi\u00f3n se tom\u00f3 tras una\u00a0<strong>\u00abfrustrada\u00bb reuni\u00f3n en La Moneda<\/strong>, donde Kast solicit\u00f3 aclaraciones sobre declaraciones p\u00fablicas del mandatario saliente.<\/p>\n<p>Kast enfatiz\u00f3 que \u00able ponemos t\u00e9rmino al proceso de traspaso que hab\u00edamos iniciado, porque\u00a0<strong>no confiamos en la informaci\u00f3n que se nos est\u00e1 entregando<\/strong>\u00ab.<\/p>\n<p>Seg\u00fan el presidente electo, las reuniones bilaterales entre ministros no han servido para transparentar temas cr\u00edticos de Estado.<\/p>\n<p>Sobre la discusi\u00f3n por el proyecto chino de cable submarino, Kast dijo que \u00ab<strong>se ha dado en estos d\u00edas una especie de controversia respecto de lo que es informar y lo que yo dir\u00eda es enunciar\u00bb<\/strong>.<\/p>\n<p>Kast dijo que el 18 de febrero recibi\u00f3 \u00abuna llamada del presidente concordada a trav\u00e9s de nuestros jefes de gabinete. Como siempre se lo se\u00f1al\u00e9 al presidente, ya que los estilos de manejar las relaciones son algo distintos -\u00e9l tiene siempre un llamado directo y personal a cada una de las autoridades, yo trato de ir priorizando de una manera distinta el accionar del d\u00eda- y a trav\u00e9s de su jefa de gabinete se contacta con mi jefa de gabinete, acordamos el horario para conversar\u00bb.<\/p>\n<p>Al final de la conversaci\u00f3n, a\u00f1adi\u00f3 Kast, \u00abme enuncia una situaci\u00f3n compleja respecto de lo que es el denominado &#8216;cable&#8217; y de algunas situaciones complejas que se estaban dando producto de conversaciones que hab\u00eda tenido \u00e9l, y al parecer otras autoridades que no me menciona, respecto de la posici\u00f3n que tiene en esta materia el gobierno de Estados Unidos\u00bb.<\/p>\n","protected":false},"excerpt":{"rendered":"<p>En una declaraci\u00f3n que marca un quiebre sin precedentes en la transici\u00f3n pol\u00edtica chilena, el presidente electo\u00a0Jos\u00e9 Antonio Kast\u00a0anunci\u00f3 este mediod\u00eda la suspensi\u00f3n inmediata del&hellip; <\/p>\n","protected":false},"author":7,"featured_media":99101,"comment_status":"closed","ping_status":"closed","sticky":false,"template":"","format":"standard","meta":{"footnotes":""},"categories":[37],"tags":[],"class_list":["post-99100","post","type-post","status-publish","format-standard","has-post-thumbnail","hentry","category-nacional"],"_links":{"self":[{"href":"https:\/\/www.radioamigavallenar.cl\/index.php?rest_route=\/wp\/v2\/posts\/99100","targetHints":{"allow":["GET"]}}],"collection":[{"href":"https:\/\/www.radioamigavallenar.cl\/index.php?rest_route=\/wp\/v2\/posts"}],"about":[{"href":"https:\/\/www.radioamigavallenar.cl\/index.php?rest_route=\/wp\/v2\/types\/post"}],"author":[{"embeddable":true,"href":"https:\/\/www.radioamigavallenar.cl\/index.php?rest_route=\/wp\/v2\/users\/7"}],"replies":[{"embeddable":true,"href":"https:\/\/www.radioamigavallenar.cl\/index.php?rest_route=%2Fwp%2Fv2%2Fcomments&post=99100"}],"version-history":[{"count":1,"href":"https:\/\/www.radioamigavallenar.cl\/index.php?rest_route=\/wp\/v2\/posts\/99100\/revisions"}],"predecessor-version":[{"id":99102,"href":"https:\/\/www.radioamigavallenar.cl\/index.php?rest_route=\/wp\/v2\/posts\/99100\/revisions\/99102"}],"wp:featuredmedia":[{"embeddable":true,"href":"https:\/\/www.radioamigavallenar.cl\/index.php?rest_route=\/wp\/v2\/media\/99101"}],"wp:attachment":[{"href":"https:\/\/www.radioamigavallenar.cl\/index.php?rest_route=%2Fwp%2Fv2%2Fmedia&parent=99100"}],"wp:term":[{"taxonomy":"category","embeddable":true,"href":"https:\/\/www.radioamigavallenar.cl\/index.php?rest_route=%2Fwp%2Fv2%2Fcategories&post=99100"},{"taxonomy":"post_tag","embeddable":true,"href":"https:\/\/www.radioamigavallenar.cl\/index.php?rest_route=%2Fwp%2Fv2%2Ftags&post=99100"}],"curies":[{"name":"wp","href":"https:\/\/api.w.org\/{rel}","templated":true}]}}