{"id":99097,"date":"2026-03-03T12:11:45","date_gmt":"2026-03-03T15:11:45","guid":{"rendered":"https:\/\/www.radioamigavallenar.cl\/?p=99097"},"modified":"2026-03-03T12:11:45","modified_gmt":"2026-03-03T15:11:45","slug":"confirman-primer-caso-de-dengue-autoctono-en-isla-de-pascua-y-activan-protocolos-de-control","status":"publish","type":"post","link":"https:\/\/www.radioamigavallenar.cl\/?p=99097","title":{"rendered":"Confirman primer caso de dengue aut\u00f3ctono en Isla de Pascua y activan protocolos de control"},"content":{"rendered":"<p>La Seremi de Salud de la regi\u00f3n de Valpara\u00edso confirm\u00f3 el\u00a0<span class=\"destacador destacado\">primer caso de dengue aut\u00f3ctono en la Isla de Pascua,<\/span>\u00a0luego que un examen PCR validara el diagn\u00f3stico de un paciente atendido en el Hospital Hanga Roa. No se registraban casos de este tipo desde 2024.<\/p>\n<p>Seg\u00fan inform\u00f3 la autoridad sanitaria, se trata de una persona residente que consult\u00f3 por s\u00edntomas compatibles con la enfermedad. Tras la toma de muestras y el an\u00e1lisis correspondiente,\u00a0<strong>se confirm\u00f3 que padece dengue.<\/strong><\/p>\n<p>El caso fue catalogado como<strong>\u00a0aut\u00f3ctono<\/strong>, definici\u00f3n que se aplica cuando el afectado no registra viajes nacionales ni internacionales en los \u00faltimos dos meses.<\/p>\n<p>El paciente se encuentra en reposo en su domicilio particular, bajo malla mosquitera y en condiciones de salud estables, con seguimiento cl\u00ednico por parte de los equipos m\u00e9dicos.<\/p>\n<p>Desde el\u00a0<a href=\"https:\/\/www.minsal.cl\/\" target=\"_blank\" rel=\"noopener\">Ministerio de Salud<\/a>\u00a0se\u00f1alaron a BioBioChile que no hay casos de dengue aut\u00f3ctono en Chile continental.<\/p>\n<h2 style=\"text-align: center;\">Confirman primer caso de dengue aut\u00f3ctono en Isla de Pascua<\/h2>\n<p>Desde la oficina provincial de la Seremi en la isla detallaron que se activaron los protocolos de vigilancia epidemiol\u00f3gica.<\/p>\n<p>Actualmente, los equipos de salud realizan una b\u00fasqueda activa de personas con s\u00edntomas febriles en un radio de entre 100 y 200 metros alrededor del domicilio del caso confirmado, con el objetivo de detectar oportunamente posibles contagios.<\/p>\n<p>De acuerdo con antecedentes recabados por\u00a0<strong>Radio B\u00edo B\u00edo Valpara\u00edso<\/strong>, adem\u00e1s se estar\u00edan realizando pericias por un\u00a0<span class=\"destacador destacado\">presunto segundo caso de dengue<\/span>, lo que mantiene en alerta a las autoridades sanitarias.<\/p>\n<p>Las autoridades hicieron un llamado a la comunidad a estar atenta a los s\u00edntomas y acudir de inmediato al hospital ante su aparici\u00f3n. Entre las se\u00f1ales de alerta se cuentan\u00a0<strong>fiebre, dolor de cabeza, dolor detr\u00e1s de los ojos, dolores musculares o articulares, n\u00e1useas o v\u00f3mitos y erupciones o manchas rosadas en la piel.<\/strong><\/p>\n<p>En paralelo, la Seremi reforz\u00f3 las medidas preventivas que pueden aplicarse en los hogares, como\u00a0<strong>eliminar recipientes con agua estancada \u2014principal criadero del mosquito transmisor\u2014 y mantener patios y entornos limpios.<\/strong><\/p>\n<h2 style=\"text-align: center;\">Alerta sanitaria<\/h2>\n<p>El caso se conoce en un contexto de especial vigilancia sanitaria. En enero, el Ministerio de Salud confirm\u00f3 la presencia del mosquito Aedes aegypti en bodegas del Aeropuerto de Santiago, insecto responsable de transmitir enfermedades como fiebre amarilla, chikungunya, zika y dengue.<\/p>\n<p>En ese contexto, se mantiene vigente una\u00a0<strong>alerta sanitaria que rige desde la regi\u00f3n de Arica y Parinacota hasta Los R\u00edos.<\/strong><\/p>\n<p>El dengue es una enfermedad infecciosa de origen viral que se transmite a trav\u00e9s de la picadura de mosquitos infectados, y cuya expansi\u00f3n ha sido objeto de monitoreo permanente por parte de la autoridad sanitaria.<\/p>\n","protected":false},"excerpt":{"rendered":"<p>La Seremi de Salud de la regi\u00f3n de Valpara\u00edso confirm\u00f3 el\u00a0primer caso de dengue aut\u00f3ctono en la Isla de Pascua,\u00a0luego que un examen PCR validara&hellip; <\/p>\n","protected":false},"author":7,"featured_media":99098,"comment_status":"closed","ping_status":"closed","sticky":false,"template":"","format":"standard","meta":{"footnotes":""},"categories":[37],"tags":[],"class_list":["post-99097","post","type-post","status-publish","format-standard","has-post-thumbnail","hentry","category-nacional"],"_links":{"self":[{"href":"https:\/\/www.radioamigavallenar.cl\/index.php?rest_route=\/wp\/v2\/posts\/99097","targetHints":{"allow":["GET"]}}],"collection":[{"href":"https:\/\/www.radioamigavallenar.cl\/index.php?rest_route=\/wp\/v2\/posts"}],"about":[{"href":"https:\/\/www.radioamigavallenar.cl\/index.php?rest_route=\/wp\/v2\/types\/post"}],"author":[{"embeddable":true,"href":"https:\/\/www.radioamigavallenar.cl\/index.php?rest_route=\/wp\/v2\/users\/7"}],"replies":[{"embeddable":true,"href":"https:\/\/www.radioamigavallenar.cl\/index.php?rest_route=%2Fwp%2Fv2%2Fcomments&post=99097"}],"version-history":[{"count":1,"href":"https:\/\/www.radioamigavallenar.cl\/index.php?rest_route=\/wp\/v2\/posts\/99097\/revisions"}],"predecessor-version":[{"id":99099,"href":"https:\/\/www.radioamigavallenar.cl\/index.php?rest_route=\/wp\/v2\/posts\/99097\/revisions\/99099"}],"wp:featuredmedia":[{"embeddable":true,"href":"https:\/\/www.radioamigavallenar.cl\/index.php?rest_route=\/wp\/v2\/media\/99098"}],"wp:attachment":[{"href":"https:\/\/www.radioamigavallenar.cl\/index.php?rest_route=%2Fwp%2Fv2%2Fmedia&parent=99097"}],"wp:term":[{"taxonomy":"category","embeddable":true,"href":"https:\/\/www.radioamigavallenar.cl\/index.php?rest_route=%2Fwp%2Fv2%2Fcategories&post=99097"},{"taxonomy":"post_tag","embeddable":true,"href":"https:\/\/www.radioamigavallenar.cl\/index.php?rest_route=%2Fwp%2Fv2%2Ftags&post=99097"}],"curies":[{"name":"wp","href":"https:\/\/api.w.org\/{rel}","templated":true}]}}