{"id":99094,"date":"2026-03-03T12:09:27","date_gmt":"2026-03-03T15:09:27","guid":{"rendered":"https:\/\/www.radioamigavallenar.cl\/?p=99094"},"modified":"2026-03-03T12:09:27","modified_gmt":"2026-03-03T15:09:27","slug":"exdirector-ejecutivo-suplente-del-slep-atacama-presenta-querella-criminal-contra-el-presidente-gabriel-boric-por-injurias","status":"publish","type":"post","link":"https:\/\/www.radioamigavallenar.cl\/?p=99094","title":{"rendered":"Exdirector ejecutivo suplente del SLEP Atacama presenta querella criminal contra el Presidente Gabriel Boric por injurias"},"content":{"rendered":"<p data-pm-slice=\"1 1 []\">En el mes de enero de este a\u00f1o se comenzaron a viralizar registros de una ostentosa fiesta del 5.\u00b0 aniversario del Servicio Local de Educaci\u00f3n P\u00fablica (SLEP) Atacama.<\/p>\n<p>Esta situaci\u00f3n provoc\u00f3 que el ministro de Educaci\u00f3n,\u00a0<strong>Nicol\u00e1s Cataldo<\/strong>, solicitara la renuncia de\u00a0<strong>Daslav Cristian Mihovilovic P\u00e9rez<\/strong>\u00a0al cargo de director ejecutivo suplente de esta instituci\u00f3n.<\/p>\n<p>Ante este hecho, y durante la inauguraci\u00f3n del Museo Regional de Atacama, el Presidente\u00a0<strong>Gabriel Boric<\/strong>\u00a0se refiri\u00f3 a la salida de Daslav Mihovilovic.<\/p>\n<p>En ese contexto, Boric se\u00f1al\u00f3 que fue correcta la salida del exdirector del SLEP, a quien calific\u00f3 como una persona \u201cdescriteriada\u201d.<\/p>\n<p style=\"text-align: center;\"><strong>Daslav Mihovilovic rompe el silencio<\/strong><\/p>\n<p>Ante lo expresado por el presidente Boric, Daslav Mihovilovic P\u00e9rez, exdirector del Servicio Local de Educaci\u00f3n P\u00fablica (SLEP) Atacama, emiti\u00f3 una declaraci\u00f3n p\u00fablica en la que defendi\u00f3 su gesti\u00f3n.<\/p>\n<p>Aludiendo a que su renuncia al cargo fue voluntaria y no producto de un proceso sumarial, decisi\u00f3n que busc\u00f3 resguardar la institucionalidad y permitir que las auditor\u00edas ministeriales avanzaran con transparencia.<\/p>\n<p>Afirmando que la actividad del 5.\u00b0 aniversario del SLEP Atacama, no se utilizaron recursos p\u00fablicos y aclarando que el financiamiento provino de empresas privadas. Desmintiendo el uso de una limusina, se\u00f1alando que se trat\u00f3 de una estrategia de marketing de la productora.<\/p>\n<p>Adem\u00e1s, y en relaci\u00f3n a los dichos del presidente Boric, anunci\u00f3 la presentaci\u00f3n de una querella criminal por injurias.<\/p>\n<p>\u00abCon fecha de 29 de enero, durante la inauguraci\u00f3n del Museo Argenal de Atacama, el Presidente de la Rep\u00fablica, el se\u00f1or Gabriel Boric Font, se refiri\u00f3 p\u00fablicamente a mi persona descalific\u00e1ndome, trat\u00e1ndome como descriteriada y diciendo que me habr\u00edan echado del servicio local. Dichas afirmaciones no se ajustan a la realidad y han afectado gravemente mi honra. En raz\u00f3n de esto, present\u00e9 una querella criminal por injurias con el fin de que sea la justicia la que determine las responsabilidades correspondientes\u00bb, afirm\u00f3 Mihovilovic.<\/p>\n<p>\u00abPor cuanto ha existido un cuestionamiento p\u00fablico que se ha intensificado por la figura del se\u00f1or Boric, quien, ahondando en descalificaciones personales y cuestionamientos directos que trascienden a lo profesional, en su rol como m\u00e1xima autoridad nacional, ha maximizado e influenciado de manera indeterminada el alcance noticioso y los juicios de valor de la ciudadan\u00eda. Por esto, me he visto en la necesidad de aclarar los hechos, por cuanto hoy me pronuncio desde el respaldo que me brinda la Auditor\u00eda Ministerial y los antecedentes formales que presentar\u00e1 la Justicia en el marco de la querella antes se\u00f1alada, no desde suposiciones, titulares o discursos populistas. La vida p\u00fablica exige firmeza, pero tambi\u00e9n coherencia con lo que se es, se hace y se dice\u00bb, sentenci\u00f3.<\/p>\n","protected":false},"excerpt":{"rendered":"<p>En el mes de enero de este a\u00f1o se comenzaron a viralizar registros de una ostentosa fiesta del 5.\u00b0 aniversario del Servicio Local de Educaci\u00f3n&hellip; <\/p>\n","protected":false},"author":7,"featured_media":99095,"comment_status":"closed","ping_status":"closed","sticky":false,"template":"","format":"standard","meta":{"footnotes":""},"categories":[38],"tags":[],"class_list":["post-99094","post","type-post","status-publish","format-standard","has-post-thumbnail","hentry","category-portada-regional"],"_links":{"self":[{"href":"https:\/\/www.radioamigavallenar.cl\/index.php?rest_route=\/wp\/v2\/posts\/99094","targetHints":{"allow":["GET"]}}],"collection":[{"href":"https:\/\/www.radioamigavallenar.cl\/index.php?rest_route=\/wp\/v2\/posts"}],"about":[{"href":"https:\/\/www.radioamigavallenar.cl\/index.php?rest_route=\/wp\/v2\/types\/post"}],"author":[{"embeddable":true,"href":"https:\/\/www.radioamigavallenar.cl\/index.php?rest_route=\/wp\/v2\/users\/7"}],"replies":[{"embeddable":true,"href":"https:\/\/www.radioamigavallenar.cl\/index.php?rest_route=%2Fwp%2Fv2%2Fcomments&post=99094"}],"version-history":[{"count":1,"href":"https:\/\/www.radioamigavallenar.cl\/index.php?rest_route=\/wp\/v2\/posts\/99094\/revisions"}],"predecessor-version":[{"id":99096,"href":"https:\/\/www.radioamigavallenar.cl\/index.php?rest_route=\/wp\/v2\/posts\/99094\/revisions\/99096"}],"wp:featuredmedia":[{"embeddable":true,"href":"https:\/\/www.radioamigavallenar.cl\/index.php?rest_route=\/wp\/v2\/media\/99095"}],"wp:attachment":[{"href":"https:\/\/www.radioamigavallenar.cl\/index.php?rest_route=%2Fwp%2Fv2%2Fmedia&parent=99094"}],"wp:term":[{"taxonomy":"category","embeddable":true,"href":"https:\/\/www.radioamigavallenar.cl\/index.php?rest_route=%2Fwp%2Fv2%2Fcategories&post=99094"},{"taxonomy":"post_tag","embeddable":true,"href":"https:\/\/www.radioamigavallenar.cl\/index.php?rest_route=%2Fwp%2Fv2%2Ftags&post=99094"}],"curies":[{"name":"wp","href":"https:\/\/api.w.org\/{rel}","templated":true}]}}