{"id":99091,"date":"2026-03-03T12:07:34","date_gmt":"2026-03-03T15:07:34","guid":{"rendered":"https:\/\/www.radioamigavallenar.cl\/?p=99091"},"modified":"2026-03-03T12:07:34","modified_gmt":"2026-03-03T15:07:34","slug":"seremi-de-salud-atacama-afirma-que-ex-trabajador-de-codelco-que-busca-una-resolucion-definitiva-de-incapacidad-por-silicosis-ha-sido-rechazado-siete-veces","status":"publish","type":"post","link":"https:\/\/www.radioamigavallenar.cl\/?p=99091","title":{"rendered":"SEREMI de Salud Atacama afirma que ex trabajador de Codelco que busca una resoluci\u00f3n definitiva de incapacidad por silicosis ha sido rechazado siete veces"},"content":{"rendered":"<p data-pm-slice=\"1 1 []\">En 2019, tras m\u00e1s de 40 a\u00f1os en la miner\u00eda, un ex trabajador de Codelco fue dado de alta sin patolog\u00eda en su examen de retiro.<\/p>\n<p><strong>H\u00e9ctor Vicencio<\/strong>\u00a0desempe\u00f1\u00f3 funciones en la minera estatal hasta el a\u00f1o 2019.<\/p>\n<p>En 2022, luego de insistir y gestionar estudios m\u00e9dicos por cuenta propia, fue diagnosticado con silicosis avanzada, enfermedad pulmonar irreversible asociada a exposici\u00f3n laboral prolongada.<\/p>\n<p>Situaci\u00f3n que se ve entorpecida\u00a0al no tener una resoluci\u00f3n definitiva de incapacidad por parte de la COMPIN Atacama.<\/p>\n<p>De acuerdo a lo conversado, hace referencia a la tard\u00eda y la burocracia en la aceptaci\u00f3n\u00a0de su condici\u00f3n. Afirmando que teme por su vida.<\/p>\n<p style=\"text-align: center;\"><strong>SEREMI de Salud Atacama<\/strong><\/p>\n<p>Ante el cuestionamiento, desde la SEREMI de Salud Atacama, instituci\u00f3n liderada por<strong>\u00a0J\u00e9ssica Rojas<\/strong>, se refirieron al caso de H\u00e9ctor Vicencio, en donde afirmaron que: \u201cDe acuerdo a la ley de derechos y deberes de los pacientes, no podemos compartir p\u00fablicamente diagn\u00f3sticos ni expedientes de una persona. Sin embargo, podemos aclarar que la situaci\u00f3n del ex trabajador se ha evaluado siete veces en la Comisi\u00f3n de Medicina Preventiva e Invalidez, obteniendo en todas las ocasiones el mismo diagn\u00f3stico. Fue evaluado por la Comisi\u00f3n M\u00e9dica de Reclamos, que ratific\u00f3 la resoluci\u00f3n\u201d.<\/p>\n<p>A su vez, agregan que: \u201cEn octubre de 2025, se solicitaron nuevos antecedentes y la evaluaci\u00f3n de un perito evaluador externo, quien ratific\u00f3 el diagn\u00f3stico anterior, lo que se inform\u00f3 al usuario, junto con las instancias de apelaci\u00f3n a las que puede acudir\u201d.<\/p>\n<p>\u201cEntre el 2019 y el 2025 se han evaluado 227 casos por enfermedad profesional de silicosis, resultando solo 72 de ellos como sin silicosis; en t\u00e9rminos porcentuales, el 30 por ciento\u201d, sentenci\u00f3.<\/p>\n","protected":false},"excerpt":{"rendered":"<p>En 2019, tras m\u00e1s de 40 a\u00f1os en la miner\u00eda, un ex trabajador de Codelco fue dado de alta sin patolog\u00eda en su examen de&hellip; <\/p>\n","protected":false},"author":7,"featured_media":99092,"comment_status":"closed","ping_status":"closed","sticky":false,"template":"","format":"standard","meta":{"footnotes":""},"categories":[7],"tags":[],"class_list":["post-99091","post","type-post","status-publish","format-standard","has-post-thumbnail","hentry","category-atacama"],"_links":{"self":[{"href":"https:\/\/www.radioamigavallenar.cl\/index.php?rest_route=\/wp\/v2\/posts\/99091","targetHints":{"allow":["GET"]}}],"collection":[{"href":"https:\/\/www.radioamigavallenar.cl\/index.php?rest_route=\/wp\/v2\/posts"}],"about":[{"href":"https:\/\/www.radioamigavallenar.cl\/index.php?rest_route=\/wp\/v2\/types\/post"}],"author":[{"embeddable":true,"href":"https:\/\/www.radioamigavallenar.cl\/index.php?rest_route=\/wp\/v2\/users\/7"}],"replies":[{"embeddable":true,"href":"https:\/\/www.radioamigavallenar.cl\/index.php?rest_route=%2Fwp%2Fv2%2Fcomments&post=99091"}],"version-history":[{"count":1,"href":"https:\/\/www.radioamigavallenar.cl\/index.php?rest_route=\/wp\/v2\/posts\/99091\/revisions"}],"predecessor-version":[{"id":99093,"href":"https:\/\/www.radioamigavallenar.cl\/index.php?rest_route=\/wp\/v2\/posts\/99091\/revisions\/99093"}],"wp:featuredmedia":[{"embeddable":true,"href":"https:\/\/www.radioamigavallenar.cl\/index.php?rest_route=\/wp\/v2\/media\/99092"}],"wp:attachment":[{"href":"https:\/\/www.radioamigavallenar.cl\/index.php?rest_route=%2Fwp%2Fv2%2Fmedia&parent=99091"}],"wp:term":[{"taxonomy":"category","embeddable":true,"href":"https:\/\/www.radioamigavallenar.cl\/index.php?rest_route=%2Fwp%2Fv2%2Fcategories&post=99091"},{"taxonomy":"post_tag","embeddable":true,"href":"https:\/\/www.radioamigavallenar.cl\/index.php?rest_route=%2Fwp%2Fv2%2Ftags&post=99091"}],"curies":[{"name":"wp","href":"https:\/\/api.w.org\/{rel}","templated":true}]}}