{"id":99088,"date":"2026-03-03T10:40:43","date_gmt":"2026-03-03T13:40:43","guid":{"rendered":"https:\/\/www.radioamigavallenar.cl\/?p=99088"},"modified":"2026-03-03T10:40:43","modified_gmt":"2026-03-03T13:40:43","slug":"gobierno-propone-salvataje-que-permitiria-a-partidos-en-riesgo-fusionarse-para-sobrevivir","status":"publish","type":"post","link":"https:\/\/www.radioamigavallenar.cl\/?p=99088","title":{"rendered":"Gobierno propone \u00absalvataje\u00bb que permitir\u00eda a partidos en riesgo fusionarse para sobrevivir"},"content":{"rendered":"<p>Postergando la votaci\u00f3n para este martes hasta total despacho, el Gobierno present\u00f3 una indicaci\u00f3n en el proyecto de sistema pol\u00edtico, para que\u00a0<strong>los partidos en proceso de disoluci\u00f3n se puedan fusionar con colectividades<\/strong>\u00a0que hayan cumplido con el umbral en las \u00faltimas elecciones parlamentarias, en una especie de \u201csalvataje\u201d.<\/p>\n<p>Esta medida, presentada por la ministra Segpres, Macarena Lobos, en la\u00a0<a href=\"https:\/\/www.camara.cl\/legislacion\/comisiones\/integrantes.aspx?prmID=3314\" target=\"_blank\" rel=\"noopener\">Comisi\u00f3n de Gobierno Interior,<\/a>\u00a0es una salida excepcional que se aplicar\u00e1 solo para los \u00faltimos comicios, y permitir\u00e1 a partidos como\u00a0<strong>Dem\u00f3cratas, el Partido Radical y la Federaci\u00f3n Regionalista Verde Social,<\/strong>\u00a0la sobrevivencia.<\/p>\n<p><strong>El requisito m\u00ednimo es haber tenido al menos un parlamentario electo,<\/strong>\u00a0por lo que, por ejemplo, Amarillos no entrar\u00eda en este art\u00edculo transitorio, que fue conversado en las \u00faltimas reuniones entre parlamentarios y el Gobierno a finales de febrero.<\/p>\n<p>El salvataje a los partidos peque\u00f1os es la \u00faltima carta del Ejecutivo para viabilizar pol\u00edticamente el proyecto, que ser\u00e1 despachado este martes y votado en la sala de la C\u00e1mara Baja ma\u00f1ana mi\u00e9rcoles, para volver al Senado antes del cambio de mando.<\/p>\n<p>El\u00a0<strong>diputado radical Rub\u00e9n Oyarzo<\/strong>\u00a0explic\u00f3 la propuesta y se\u00f1al\u00f3 que existen las condiciones pol\u00edticas para despachar con amplio respaldo la mayor\u00eda de las disposiciones del proyecto.<\/p>\n<p>Una modificaci\u00f3n clave fue cambiar el criterio de los partidos constituidos que pueden fusionarse con partidos en resoluci\u00f3n. En simple,\u00a0<span class=\"destacador destacado\">se sum\u00f3 el criterio de tener al menos cuatro parlamentarios electos y de esta forma, partidos como el PPD y la DC van a poder fusionarse con partidos peque\u00f1os<\/span>.<\/p>\n<p>El\u00a0<strong>diputado y presidente de la UDI, Guillermo Ram\u00edrez,<\/strong>\u00a0comprometi\u00f3 los votos del gremialismo a favor de los elementos del proyecto de ley que ya est\u00e1n consensuados y dijo esperar que la iniciativa se despache el mi\u00e9rcoles de la C\u00e1mara Baja.<\/p>\n<p>Otro de los aspectos que ya destrab\u00f3 parte del extenso debate es que\u00a0<strong>se rebajaron la cantidad de firmas necesarias para la conformaci\u00f3n de partidos pol\u00edticos, de un 0,5 a un 0,3% del padr\u00f3n electoral,<\/strong>\u00a0considerando que la cifra inicial era una cantidad de firmas superior a la de todos los partidos vigentes en la actualidad.<\/p>\n","protected":false},"excerpt":{"rendered":"<p>Postergando la votaci\u00f3n para este martes hasta total despacho, el Gobierno present\u00f3 una indicaci\u00f3n en el proyecto de sistema pol\u00edtico, para que\u00a0los partidos en proceso&hellip; <\/p>\n","protected":false},"author":7,"featured_media":99089,"comment_status":"closed","ping_status":"closed","sticky":false,"template":"","format":"standard","meta":{"footnotes":""},"categories":[37],"tags":[],"class_list":["post-99088","post","type-post","status-publish","format-standard","has-post-thumbnail","hentry","category-nacional"],"_links":{"self":[{"href":"https:\/\/www.radioamigavallenar.cl\/index.php?rest_route=\/wp\/v2\/posts\/99088","targetHints":{"allow":["GET"]}}],"collection":[{"href":"https:\/\/www.radioamigavallenar.cl\/index.php?rest_route=\/wp\/v2\/posts"}],"about":[{"href":"https:\/\/www.radioamigavallenar.cl\/index.php?rest_route=\/wp\/v2\/types\/post"}],"author":[{"embeddable":true,"href":"https:\/\/www.radioamigavallenar.cl\/index.php?rest_route=\/wp\/v2\/users\/7"}],"replies":[{"embeddable":true,"href":"https:\/\/www.radioamigavallenar.cl\/index.php?rest_route=%2Fwp%2Fv2%2Fcomments&post=99088"}],"version-history":[{"count":1,"href":"https:\/\/www.radioamigavallenar.cl\/index.php?rest_route=\/wp\/v2\/posts\/99088\/revisions"}],"predecessor-version":[{"id":99090,"href":"https:\/\/www.radioamigavallenar.cl\/index.php?rest_route=\/wp\/v2\/posts\/99088\/revisions\/99090"}],"wp:featuredmedia":[{"embeddable":true,"href":"https:\/\/www.radioamigavallenar.cl\/index.php?rest_route=\/wp\/v2\/media\/99089"}],"wp:attachment":[{"href":"https:\/\/www.radioamigavallenar.cl\/index.php?rest_route=%2Fwp%2Fv2%2Fmedia&parent=99088"}],"wp:term":[{"taxonomy":"category","embeddable":true,"href":"https:\/\/www.radioamigavallenar.cl\/index.php?rest_route=%2Fwp%2Fv2%2Fcategories&post=99088"},{"taxonomy":"post_tag","embeddable":true,"href":"https:\/\/www.radioamigavallenar.cl\/index.php?rest_route=%2Fwp%2Fv2%2Ftags&post=99088"}],"curies":[{"name":"wp","href":"https:\/\/api.w.org\/{rel}","templated":true}]}}