{"id":99085,"date":"2026-03-03T08:55:34","date_gmt":"2026-03-03T11:55:34","guid":{"rendered":"https:\/\/www.radioamigavallenar.cl\/?p=99085"},"modified":"2026-03-03T08:55:34","modified_gmt":"2026-03-03T11:55:34","slug":"sence-atacama-fortalece-competencias-laborales-con-cursos-de-soldadura-y-cuidados-a-personas-con-dependencia","status":"publish","type":"post","link":"https:\/\/www.radioamigavallenar.cl\/?p=99085","title":{"rendered":"SENCE ATACAMA fortalece competencias laborales con cursos de soldadura y cuidados a personas con dependencia"},"content":{"rendered":"<p>Las y los participantes finalizaron su formaci\u00f3n en oficios realizada en la comuna de Copiap\u00f3, fortaleciendo sus competencias para la inserci\u00f3n laboral.<\/p>\n<p>Un total de 31 personas recibieron su diploma tras finalizar los cursos \u201cT\u00e9cnicas de Soldadura por Oxigas, Arco Voltaico, TIG y MIG\u201d y \u201cAsistencia y Cuidados a Personas con Dependencia\u201d, ejecutados en el marco del programa Capacitaci\u00f3n en Oficios-L\u00ednea Registro Especial, impulsado por el Servicio Nacional de Capacitaci\u00f3n Y Empleo.<\/p>\n<p>La directora (s) de SENCE Atacama, Maritza Ju\u00e1rez Pardo destac\u00f3: \u201cuna de las caracter\u00edsticas de este programa que fue ejecutado por la Fundaci\u00f3n INCEV, son la cantidad de horas de duraci\u00f3n de los m\u00f3dulos t\u00e9cnicos y los m\u00f3dulos de habilidades transversales, un curso puede llegar a durar entre 250 y 557 horas cronol\u00f3gicas, lo que permite entregar una bater\u00eda de competencias acordes a lo que requiere el mercado laboral, por lo tanto, solo nos queda felicitar y agradecer a todos\/as los alumnos\/as egresados\/as, por su esfuerzo y compromiso, por creer en esta instancia de formaci\u00f3n que sin duda les puede abrir nuevas oportunidades de trabajo\u201d.<\/p>\n<p>&nbsp;<\/p>\n<p>El programa F\u00f3rmate para el Trabajo del SENCE busca fortalecer competencias laborales en personas en situaci\u00f3n de vulnerabilidad, aumentando sus oportunidades de acceso a empleo de calidad y el desarrollo de iniciativas independientes.<\/p>\n<p>Capacitaci\u00f3n con futuro laboral<\/p>\n<p>La Experiencia de Recina Chantry, egresada del curso Asistencia y Cuidados a Personas con Dependencia: \u201cfue maravillosa, form\u00e9 un mont\u00f3n de lazos con mis compa\u00f1eras. Estoy muy agradecida por esta oportunidad porque son de esas experiencias que pocas veces se viven en la vida. Esta fue la oportunidad para muchas mujeres que somos amas de casa y que nuestra vocaci\u00f3n es el cuidado y el servicio a los dem\u00e1s\u201d.<\/p>\n<p>&nbsp;<\/p>\n<p>Asimismo, se relev\u00f3 la participaci\u00f3n femenina en oficios tradicionalmente masculinizados, como la soldadura. Daryn Cuevas, egresada del curso T\u00e9cnicas de Soldadura por Oxigas, Arco Voltaico, TIG y MIG, se\u00f1al\u00f3: \u201cYo estoy estudiando Mec\u00e1nica Industrial y el pr\u00f3ximo a\u00f1o voy a ingresar a la universidad a estudiar. El seguir profesionaliz\u00e1ndome en la misma l\u00ednea me motiv\u00f3 para realizar este curso. Adem\u00e1s, el ejemplo de mi profesor que es soldador me inspir\u00f3 para seguir ese camino\u201d.<\/p>\n<p>Para m\u00e1s informaci\u00f3n sobre capacitaciones y empleo, visita en la web www.sence.cl o las redes sociales institucionales, Facebook: Sence Atacama e Instagram senceatacama<\/p>\n","protected":false},"excerpt":{"rendered":"<p>Las y los participantes finalizaron su formaci\u00f3n en oficios realizada en la comuna de Copiap\u00f3, fortaleciendo sus competencias para la inserci\u00f3n laboral. Un total de&hellip; <\/p>\n","protected":false},"author":7,"featured_media":99086,"comment_status":"closed","ping_status":"closed","sticky":false,"template":"","format":"standard","meta":{"footnotes":""},"categories":[7],"tags":[],"class_list":["post-99085","post","type-post","status-publish","format-standard","has-post-thumbnail","hentry","category-atacama"],"_links":{"self":[{"href":"https:\/\/www.radioamigavallenar.cl\/index.php?rest_route=\/wp\/v2\/posts\/99085","targetHints":{"allow":["GET"]}}],"collection":[{"href":"https:\/\/www.radioamigavallenar.cl\/index.php?rest_route=\/wp\/v2\/posts"}],"about":[{"href":"https:\/\/www.radioamigavallenar.cl\/index.php?rest_route=\/wp\/v2\/types\/post"}],"author":[{"embeddable":true,"href":"https:\/\/www.radioamigavallenar.cl\/index.php?rest_route=\/wp\/v2\/users\/7"}],"replies":[{"embeddable":true,"href":"https:\/\/www.radioamigavallenar.cl\/index.php?rest_route=%2Fwp%2Fv2%2Fcomments&post=99085"}],"version-history":[{"count":1,"href":"https:\/\/www.radioamigavallenar.cl\/index.php?rest_route=\/wp\/v2\/posts\/99085\/revisions"}],"predecessor-version":[{"id":99087,"href":"https:\/\/www.radioamigavallenar.cl\/index.php?rest_route=\/wp\/v2\/posts\/99085\/revisions\/99087"}],"wp:featuredmedia":[{"embeddable":true,"href":"https:\/\/www.radioamigavallenar.cl\/index.php?rest_route=\/wp\/v2\/media\/99086"}],"wp:attachment":[{"href":"https:\/\/www.radioamigavallenar.cl\/index.php?rest_route=%2Fwp%2Fv2%2Fmedia&parent=99085"}],"wp:term":[{"taxonomy":"category","embeddable":true,"href":"https:\/\/www.radioamigavallenar.cl\/index.php?rest_route=%2Fwp%2Fv2%2Fcategories&post=99085"},{"taxonomy":"post_tag","embeddable":true,"href":"https:\/\/www.radioamigavallenar.cl\/index.php?rest_route=%2Fwp%2Fv2%2Ftags&post=99085"}],"curies":[{"name":"wp","href":"https:\/\/api.w.org\/{rel}","templated":true}]}}