{"id":99082,"date":"2026-03-03T08:33:02","date_gmt":"2026-03-03T11:33:02","guid":{"rendered":"https:\/\/www.radioamigavallenar.cl\/?p=99082"},"modified":"2026-03-03T08:33:02","modified_gmt":"2026-03-03T11:33:02","slug":"cchc-atacama-valora-consolidacion-del-plan-de-emergencia-habitacional-como-politica-de-estado-y-releva-desafios-regionales-para-su-continuidad","status":"publish","type":"post","link":"https:\/\/www.radioamigavallenar.cl\/?p=99082","title":{"rendered":"CChC Atacama valora consolidaci\u00f3n del Plan de Emergencia Habitacional como pol\u00edtica de Estado y releva desaf\u00edos regionales para su continuidad"},"content":{"rendered":"<p>Con un cumplimiento superior al 90% en la regi\u00f3n, la C\u00e1mara Chilena de la Construcci\u00f3n (CChC) Atacama valor\u00f3 la consolidaci\u00f3n del Plan de Emergencia Habitacional (PEH) como una pol\u00edtica de Estado, destacando que la iniciativa ha logrado proyectarse m\u00e1s all\u00e1 de un periodo gubernamental y establecer una hoja de ruta clara y permanente para enfrentar el d\u00e9ficit de vivienda tanto a nivel regional como nacional. Este avance ha contribuido, adem\u00e1s, a reducir en un 19% la brecha habitacional en Atacama.<\/p>\n<p>Desde el gremio subrayaron que la continuidad del plan otorga certezas al sector p\u00fablico y privado, permitiendo planificar con mayor previsi\u00f3n y fortalecer la colaboraci\u00f3n con el Ministerio de Vivienda y Urbanismo (Minvu) en un desaf\u00edo que requiere esfuerzos sostenidos en el tiempo.<\/p>\n<p style=\"text-align: center;\"><strong>Avances y metas regionales<\/strong><\/p>\n<p>En el marco del t\u00e9rmino del Gobierno del Presidente Gabriel Boric, la Regi\u00f3n de Atacama proyecta un balance positivo del Plan de Emergencia Habitacional, cuya meta regional contempla un total de 7.517 soluciones habitacionales. En su reciente visita a la zona, el ministro de Vivienda y Urbanismo, Carlos Montes, se\u00f1al\u00f3 que \u201cel balance es positivo\u201d, detallando que a la fecha se registran alrededor de 6.400 viviendas terminadas y que, al considerar los proyectos actualmente en ejecuci\u00f3n, el cumplimiento superar\u00e1 el 90% antes de finalizar la actual administraci\u00f3n, consolidando m\u00e1s de 7.000 soluciones habitacionales en la regi\u00f3n.<\/p>\n<p>Desde la CChC Atacama valoran este avance no solo por su impacto social y comunitario para miles de familias, sino tambi\u00e9n por su aporte a la generaci\u00f3n de empleo y a la dinamizaci\u00f3n de la econom\u00eda local, especialmente en un territorio que enfrenta importantes desaf\u00edos estructurales.<\/p>\n<p>Estos resultados han permitido reducir en un 19% el d\u00e9ficit habitacional en Atacama, que actualmente se sit\u00faa en 15.799 viviendas, reflejando un progreso concreto en una materia prioritaria para miles de familias.<\/p>\n<p style=\"text-align: center;\"><strong>Desaf\u00edos propios del territorio<\/strong><\/p>\n<p>Si bien los indicadores muestran avances importantes, la CChC Atacama se\u00f1al\u00f3 que el cumplimiento total de las metas en la regi\u00f3n presenta complejidades particulares asociadas a su realidad territorial.<\/p>\n<p>Entre los principales factores se encuentran:<\/p>\n<p>\u00b7 Log\u00edstica y geograf\u00eda: mayores distancias y costos de transporte que inciden en los tiempos y presupuestos de ejecuci\u00f3n.<\/p>\n<p>\u00b7 Condiciones del terreno: presencia de suelos salinos y exigencias sanitarias que requieren soluciones t\u00e9cnicas espec\u00edficas.<\/p>\n<p>\u00b7 Entorno clim\u00e1tico: condiciones ambientales demandantes que obligan a adaptar est\u00e1ndares constructivos para asegurar calidad y durabilidad.<\/p>\n<p>En este contexto, el presidente de la CChC Atacama, Cristian Alzamora, valor\u00f3 el impacto del plan como pol\u00edtica p\u00fablica, se\u00f1alando que \u201cfue una muy buena iniciativa, porque logr\u00f3 articular relato, acci\u00f3n y normas frente a una emergencia real\u201d. Asimismo, destac\u00f3 que la proyecci\u00f3n de continuidad por cuatro a\u00f1os m\u00e1s entrega estabilidad y permite consolidar capacidades t\u00e9cnicas y operativas en la regi\u00f3n.<\/p>\n<p style=\"text-align: center;\"><strong>Brechas pendientes y mirada al 2026<\/strong><\/p>\n<p>Junto con reconocer los avances, el gremio enfatiz\u00f3 la importancia de abordar los desaf\u00edos que a\u00fan persisten, especialmente en los sectores medios. El informe \u201cBalance de Vivienda 2025\u201d evidencia que el allegamiento por incapacidad financiera en familias de clase media aument\u00f3 cerca de un 7%, mientras que las jefas de hogar representan el 60% de la demanda no resuelta en Atacama.<\/p>\n<p>En esa l\u00ednea, el presidente regional sostuvo que \u201cpara sostener este avance y seguir reduciendo el d\u00e9ficit habitacional, es fundamental contar con los recursos presupuestarios adecuados para 2026, de manera de dar continuidad a los proyectos y responder a las dificultades de acceso a vivienda y arriendo que a\u00fan afectan a muchas familias de la regi\u00f3n\u201d.<\/p>\n<p>Con una brecha a\u00fan cercana a 16 mil viviendas, la CChC Atacama reiter\u00f3 su disposici\u00f3n a continuar trabajando de manera colaborativa con el Minvu y las autoridades regionales, fortaleciendo el di\u00e1logo t\u00e9cnico y la coordinaci\u00f3n p\u00fablico-privada como herramientas clave para consolidar soluciones habitacionales sostenibles y pertinentes a la realidad del territorio.<\/p>\n","protected":false},"excerpt":{"rendered":"<p>Con un cumplimiento superior al 90% en la regi\u00f3n, la C\u00e1mara Chilena de la Construcci\u00f3n (CChC) Atacama valor\u00f3 la consolidaci\u00f3n del Plan de Emergencia Habitacional&hellip; <\/p>\n","protected":false},"author":7,"featured_media":99083,"comment_status":"closed","ping_status":"closed","sticky":false,"template":"","format":"standard","meta":{"footnotes":""},"categories":[7],"tags":[],"class_list":["post-99082","post","type-post","status-publish","format-standard","has-post-thumbnail","hentry","category-atacama"],"_links":{"self":[{"href":"https:\/\/www.radioamigavallenar.cl\/index.php?rest_route=\/wp\/v2\/posts\/99082","targetHints":{"allow":["GET"]}}],"collection":[{"href":"https:\/\/www.radioamigavallenar.cl\/index.php?rest_route=\/wp\/v2\/posts"}],"about":[{"href":"https:\/\/www.radioamigavallenar.cl\/index.php?rest_route=\/wp\/v2\/types\/post"}],"author":[{"embeddable":true,"href":"https:\/\/www.radioamigavallenar.cl\/index.php?rest_route=\/wp\/v2\/users\/7"}],"replies":[{"embeddable":true,"href":"https:\/\/www.radioamigavallenar.cl\/index.php?rest_route=%2Fwp%2Fv2%2Fcomments&post=99082"}],"version-history":[{"count":1,"href":"https:\/\/www.radioamigavallenar.cl\/index.php?rest_route=\/wp\/v2\/posts\/99082\/revisions"}],"predecessor-version":[{"id":99084,"href":"https:\/\/www.radioamigavallenar.cl\/index.php?rest_route=\/wp\/v2\/posts\/99082\/revisions\/99084"}],"wp:featuredmedia":[{"embeddable":true,"href":"https:\/\/www.radioamigavallenar.cl\/index.php?rest_route=\/wp\/v2\/media\/99083"}],"wp:attachment":[{"href":"https:\/\/www.radioamigavallenar.cl\/index.php?rest_route=%2Fwp%2Fv2%2Fmedia&parent=99082"}],"wp:term":[{"taxonomy":"category","embeddable":true,"href":"https:\/\/www.radioamigavallenar.cl\/index.php?rest_route=%2Fwp%2Fv2%2Fcategories&post=99082"},{"taxonomy":"post_tag","embeddable":true,"href":"https:\/\/www.radioamigavallenar.cl\/index.php?rest_route=%2Fwp%2Fv2%2Ftags&post=99082"}],"curies":[{"name":"wp","href":"https:\/\/api.w.org\/{rel}","templated":true}]}}