{"id":99071,"date":"2026-03-03T00:00:29","date_gmt":"2026-03-03T03:00:29","guid":{"rendered":"https:\/\/www.radioamigavallenar.cl\/?p=99071"},"modified":"2026-03-02T23:20:55","modified_gmt":"2026-03-03T02:20:55","slug":"cge-programa-corte-de-suministro-electrico-para-este-miercoles-en-sectores-de-vallenar","status":"publish","type":"post","link":"https:\/\/www.radioamigavallenar.cl\/?p=99071","title":{"rendered":"CGE programa corte de suministro el\u00e9ctrico para este mi\u00e9rcoles en sectores de Vallenar"},"content":{"rendered":"<p data-pm-slice=\"1 1 []\">La interrupci\u00f3n se extender\u00e1 entre las 10:00 y 16:00 horas debido a trabajos de mejoramiento en la red.<\/p>\n<p>La empresa CGE inform\u00f3 que este mi\u00e9rcoles se realizar\u00e1 una interrupci\u00f3n programada del suministro el\u00e9ctrico en distintos sectores de la comuna de Vallenar, con el objetivo de ejecutar trabajos orientados a mejorar la calidad y continuidad del servicio.<\/p>\n<p>De acuerdo con lo comunicado por la compa\u00f1\u00eda, el corte se efectuar\u00e1 entre las 10:00 y 16:00 horas, afectando a los clientes ubicados en los sectores previamente informados por la empresa.<\/p>\n<p>Desde CGE recomendaron a los vecinos desconectar sus artefactos el\u00e9ctricos mientras se extienda la interrupci\u00f3n, a fin de evitar posibles da\u00f1os ante el restablecimiento del servicio.<\/p>\n<p>La medida forma parte de un plan de mejoras en la red de distribuci\u00f3n el\u00e9ctrica en la capital de la provincia del Huasco.<\/p>\n","protected":false},"excerpt":{"rendered":"<p>La interrupci\u00f3n se extender\u00e1 entre las 10:00 y 16:00 horas debido a trabajos de mejoramiento en la red. La empresa CGE inform\u00f3 que este mi\u00e9rcoles&hellip; <\/p>\n","protected":false},"author":7,"featured_media":99072,"comment_status":"closed","ping_status":"closed","sticky":false,"template":"","format":"standard","meta":{"footnotes":""},"categories":[7],"tags":[],"class_list":["post-99071","post","type-post","status-publish","format-standard","has-post-thumbnail","hentry","category-atacama"],"_links":{"self":[{"href":"https:\/\/www.radioamigavallenar.cl\/index.php?rest_route=\/wp\/v2\/posts\/99071","targetHints":{"allow":["GET"]}}],"collection":[{"href":"https:\/\/www.radioamigavallenar.cl\/index.php?rest_route=\/wp\/v2\/posts"}],"about":[{"href":"https:\/\/www.radioamigavallenar.cl\/index.php?rest_route=\/wp\/v2\/types\/post"}],"author":[{"embeddable":true,"href":"https:\/\/www.radioamigavallenar.cl\/index.php?rest_route=\/wp\/v2\/users\/7"}],"replies":[{"embeddable":true,"href":"https:\/\/www.radioamigavallenar.cl\/index.php?rest_route=%2Fwp%2Fv2%2Fcomments&post=99071"}],"version-history":[{"count":1,"href":"https:\/\/www.radioamigavallenar.cl\/index.php?rest_route=\/wp\/v2\/posts\/99071\/revisions"}],"predecessor-version":[{"id":99073,"href":"https:\/\/www.radioamigavallenar.cl\/index.php?rest_route=\/wp\/v2\/posts\/99071\/revisions\/99073"}],"wp:featuredmedia":[{"embeddable":true,"href":"https:\/\/www.radioamigavallenar.cl\/index.php?rest_route=\/wp\/v2\/media\/99072"}],"wp:attachment":[{"href":"https:\/\/www.radioamigavallenar.cl\/index.php?rest_route=%2Fwp%2Fv2%2Fmedia&parent=99071"}],"wp:term":[{"taxonomy":"category","embeddable":true,"href":"https:\/\/www.radioamigavallenar.cl\/index.php?rest_route=%2Fwp%2Fv2%2Fcategories&post=99071"},{"taxonomy":"post_tag","embeddable":true,"href":"https:\/\/www.radioamigavallenar.cl\/index.php?rest_route=%2Fwp%2Fv2%2Ftags&post=99071"}],"curies":[{"name":"wp","href":"https:\/\/api.w.org\/{rel}","templated":true}]}}