{"id":99067,"date":"2026-03-03T00:00:36","date_gmt":"2026-03-03T03:00:36","guid":{"rendered":"https:\/\/www.radioamigavallenar.cl\/?p=99067"},"modified":"2026-03-02T23:19:28","modified_gmt":"2026-03-03T02:19:28","slug":"caldera-fiscalia-formalizo-investigacion-por-fatal-accidente-carretero-ocurrido-en-la-ruta-5-norte","status":"publish","type":"post","link":"https:\/\/www.radioamigavallenar.cl\/?p=99067","title":{"rendered":"Caldera: Fiscal\u00eda formaliz\u00f3 investigaci\u00f3n por fatal accidente carretero ocurrido en la Ruta 5 Norte"},"content":{"rendered":"<p align=\"justify\"><strong>Fiscal (s) Marcela Vargas Zamorano indic\u00f3 que la Fiscal\u00eda orden\u00f3 diligencias a la Siat de Carabineros para establecer las causas definitivas del siniestro.<\/strong><\/p>\n<p align=\"justify\"><span lang=\"es-ES\">La Fiscal\u00eda de Atacama formaliz\u00f3 la investigaci\u00f3n en contra de un imputado por su presunta responsabilidad en un grave accidente de tr\u00e1nsito en que, lamentablemente, una persona result\u00f3 fallecida.<\/span><\/p>\n<p align=\"justify\"><span lang=\"es-ES\">Los hechos que se indagan ocurrieron la ma\u00f1ana del pasado s\u00e1bado en la ruta 5 Norte, a la altura del kil\u00f3metro 912 comuna de Caldera, lugar en que dos veh\u00edculos colisionaron de manera frontal. En uno de ellos, hab\u00eda dos personas resultando una de ellas fallecida mientras que la segunda sufri\u00f3 lesiones de car\u00e1cter grave, seg\u00fan lo inform\u00f3 la fiscal (s) de Caldera, Marcela Vargas Zamorano.<\/span><\/p>\n<p align=\"justify\"><span lang=\"es-ES\">Luego de las diligencias ordenadas por la Fiscal\u00eda a la Siat de Carabineros, se determin\u00f3 detener al conductor del segundo veh\u00edculo involucrado quien de acuerdo con los antecedentes y por motivos que se indagan, habr\u00eda cruzado el eje central de la calzada originando la violenta colisi\u00f3n.<\/span><\/p>\n<p align=\"justify\"><span lang=\"es-ES\">El imputado pas\u00f3 a audiencia de control de detenci\u00f3n, instancia en que se le comunicaron cargos por su responsabilidad en un cuasidelito de homicidio y otro causando lesiones graves. En la audiencia se estableci\u00f3 que el imputado deber\u00e1 cumplir con las medidas cautelares de firma mensual y arraigo nacional, adem\u00e1s se fij\u00f3 en plazo de 120 d\u00edas para la realizaci\u00f3n de las diligencias de este caso.<\/span><\/p>\n","protected":false},"excerpt":{"rendered":"<p>Fiscal (s) Marcela Vargas Zamorano indic\u00f3 que la Fiscal\u00eda orden\u00f3 diligencias a la Siat de Carabineros para establecer las causas definitivas del siniestro. La Fiscal\u00eda&hellip; <\/p>\n","protected":false},"author":7,"featured_media":99068,"comment_status":"closed","ping_status":"closed","sticky":false,"template":"","format":"standard","meta":{"footnotes":""},"categories":[38],"tags":[],"class_list":["post-99067","post","type-post","status-publish","format-standard","has-post-thumbnail","hentry","category-portada-regional"],"_links":{"self":[{"href":"https:\/\/www.radioamigavallenar.cl\/index.php?rest_route=\/wp\/v2\/posts\/99067","targetHints":{"allow":["GET"]}}],"collection":[{"href":"https:\/\/www.radioamigavallenar.cl\/index.php?rest_route=\/wp\/v2\/posts"}],"about":[{"href":"https:\/\/www.radioamigavallenar.cl\/index.php?rest_route=\/wp\/v2\/types\/post"}],"author":[{"embeddable":true,"href":"https:\/\/www.radioamigavallenar.cl\/index.php?rest_route=\/wp\/v2\/users\/7"}],"replies":[{"embeddable":true,"href":"https:\/\/www.radioamigavallenar.cl\/index.php?rest_route=%2Fwp%2Fv2%2Fcomments&post=99067"}],"version-history":[{"count":2,"href":"https:\/\/www.radioamigavallenar.cl\/index.php?rest_route=\/wp\/v2\/posts\/99067\/revisions"}],"predecessor-version":[{"id":99070,"href":"https:\/\/www.radioamigavallenar.cl\/index.php?rest_route=\/wp\/v2\/posts\/99067\/revisions\/99070"}],"wp:featuredmedia":[{"embeddable":true,"href":"https:\/\/www.radioamigavallenar.cl\/index.php?rest_route=\/wp\/v2\/media\/99068"}],"wp:attachment":[{"href":"https:\/\/www.radioamigavallenar.cl\/index.php?rest_route=%2Fwp%2Fv2%2Fmedia&parent=99067"}],"wp:term":[{"taxonomy":"category","embeddable":true,"href":"https:\/\/www.radioamigavallenar.cl\/index.php?rest_route=%2Fwp%2Fv2%2Fcategories&post=99067"},{"taxonomy":"post_tag","embeddable":true,"href":"https:\/\/www.radioamigavallenar.cl\/index.php?rest_route=%2Fwp%2Fv2%2Ftags&post=99067"}],"curies":[{"name":"wp","href":"https:\/\/api.w.org\/{rel}","templated":true}]}}