{"id":99065,"date":"2026-03-03T00:00:26","date_gmt":"2026-03-03T03:00:26","guid":{"rendered":"https:\/\/www.radioamigavallenar.cl\/?p=99065"},"modified":"2026-03-02T23:18:34","modified_gmt":"2026-03-03T02:18:34","slug":"emiten-aviso-por-altas-temperaturas-en-sectores-de-atacama","status":"publish","type":"post","link":"https:\/\/www.radioamigavallenar.cl\/?p=99065","title":{"rendered":"Emiten aviso por altas temperaturas en sectores de Atacama"},"content":{"rendered":"<p>Un aviso por altas temperaturas fue emitido para distintos sectores de la Atacama, fen\u00f3meno que se extender\u00e1 desde la tarde del lunes 2 hasta la tarde del martes 3 de marzo, bajo la influencia de una dorsal en altura.<\/p>\n<p>La condici\u00f3n meteorol\u00f3gica afectar\u00e1 la cordillera de la costa, sectores de valles y la pampa regional, donde se proyectan valores t\u00e9rmicos elevados para ambas jornadas.<\/p>\n<p>Seg\u00fan el pron\u00f3stico, en la cordillera de la costa y los valles las temperaturas oscilar\u00e1n entre 29 y 31 grados Celsius, mientras que en la pampa se estiman m\u00e1ximas entre 30 y 32 grados Celsius para este martes.<\/p>\n<div class=\"code-block code-block-5\">\n<div id=\"sas_99435\"><\/div>\n<\/div>\n<p>El aviso establece que se trata de un fen\u00f3meno de severidad moderada, potencialmente riesgoso para actividades expuestas a condiciones meteorol\u00f3gicas, por lo que se recomienda a la poblaci\u00f3n mantenerse informada y adoptar medidas preventivas ante las altas temperaturas.<\/p>\n<p>&nbsp;<\/p>\n<p><img loading=\"lazy\" decoding=\"async\" class=\"alignnone size-full wp-image-13254\" src=\"https:\/\/www.maray.cl\/wp-content\/uploads\/2026\/03\/Captura-de-pantalla-2026-03-02-164653.png\" alt=\"\" width=\"604\" height=\"585\" \/><\/p>\n","protected":false},"excerpt":{"rendered":"<p>Un aviso por altas temperaturas fue emitido para distintos sectores de la Atacama, fen\u00f3meno que se extender\u00e1 desde la tarde del lunes 2 hasta la&hellip; <\/p>\n","protected":false},"author":7,"featured_media":98756,"comment_status":"closed","ping_status":"closed","sticky":false,"template":"","format":"standard","meta":{"footnotes":""},"categories":[7],"tags":[],"class_list":["post-99065","post","type-post","status-publish","format-standard","has-post-thumbnail","hentry","category-atacama"],"_links":{"self":[{"href":"https:\/\/www.radioamigavallenar.cl\/index.php?rest_route=\/wp\/v2\/posts\/99065","targetHints":{"allow":["GET"]}}],"collection":[{"href":"https:\/\/www.radioamigavallenar.cl\/index.php?rest_route=\/wp\/v2\/posts"}],"about":[{"href":"https:\/\/www.radioamigavallenar.cl\/index.php?rest_route=\/wp\/v2\/types\/post"}],"author":[{"embeddable":true,"href":"https:\/\/www.radioamigavallenar.cl\/index.php?rest_route=\/wp\/v2\/users\/7"}],"replies":[{"embeddable":true,"href":"https:\/\/www.radioamigavallenar.cl\/index.php?rest_route=%2Fwp%2Fv2%2Fcomments&post=99065"}],"version-history":[{"count":1,"href":"https:\/\/www.radioamigavallenar.cl\/index.php?rest_route=\/wp\/v2\/posts\/99065\/revisions"}],"predecessor-version":[{"id":99066,"href":"https:\/\/www.radioamigavallenar.cl\/index.php?rest_route=\/wp\/v2\/posts\/99065\/revisions\/99066"}],"wp:featuredmedia":[{"embeddable":true,"href":"https:\/\/www.radioamigavallenar.cl\/index.php?rest_route=\/wp\/v2\/media\/98756"}],"wp:attachment":[{"href":"https:\/\/www.radioamigavallenar.cl\/index.php?rest_route=%2Fwp%2Fv2%2Fmedia&parent=99065"}],"wp:term":[{"taxonomy":"category","embeddable":true,"href":"https:\/\/www.radioamigavallenar.cl\/index.php?rest_route=%2Fwp%2Fv2%2Fcategories&post=99065"},{"taxonomy":"post_tag","embeddable":true,"href":"https:\/\/www.radioamigavallenar.cl\/index.php?rest_route=%2Fwp%2Fv2%2Ftags&post=99065"}],"curies":[{"name":"wp","href":"https:\/\/api.w.org\/{rel}","templated":true}]}}