{"id":99063,"date":"2026-03-03T00:00:53","date_gmt":"2026-03-03T03:00:53","guid":{"rendered":"https:\/\/www.radioamigavallenar.cl\/?p=99063"},"modified":"2026-03-02T23:17:18","modified_gmt":"2026-03-03T02:17:18","slug":"sector-salud-inicio-campana-de-vacunacion-e-inmunizacion-en-atacama","status":"publish","type":"post","link":"https:\/\/www.radioamigavallenar.cl\/?p=99063","title":{"rendered":"Sector Salud inici\u00f3 Campa\u00f1a de Vacunaci\u00f3n e Inmunizaci\u00f3n en Atacama"},"content":{"rendered":"<p class=\"western\" lang=\"es-ES\" align=\"justify\"><span lang=\"es-CL\">Autoridades regionales llegaron hasta el Hospital Regional de Copiap\u00f3 con el objetivo de dar inicio a la Estrategia de Vacunaci\u00f3n e Inmunizaciones 2026, que incluye la vacuna contra la Influenza, adem\u00e1s de la protecci\u00f3n contra el COVID-19 y la inmunizaci\u00f3n de lactantes contra el Virus Respiratorio Sincicial (VRS).<\/span><\/p>\n<div class=\"code-block code-block-3\">\n<div id=\"sas_99069\"><\/div>\n<\/div>\n<p class=\"western\" lang=\"es-ES\" align=\"justify\"><span lang=\"es-CL\">La actividad se desarroll\u00f3 en el s\u00e9ptimo piso del principal recinto asistencial de la regi\u00f3n, donde llegaron las autoridades con el objetivo de visitar a las madres y lactantes, estos \u00faltimos fueron inmunizados con Nirsevimab y posteriormente hicieron un recorrido para acompa\u00f1ar a los funcionarios y funcionarias que estaban siendo vacunados contra la Influenza. \u201cQuisiera destacar la cobertura de Influenza y Nirsevimab que tuvimos el a\u00f1o pasado en la regi\u00f3n de Atacama. Los equipos de la Red Asistencial se estuvieron preparando y este a\u00f1o queremos aumentar las coberturas y seguir creciendo. Se est\u00e1 convocando al personal de salud p\u00fablico y privado en el tema de vacunaci\u00f3n para fortalecer la cobertura, en especial en ni\u00f1os y ni\u00f1as de 6 meses a 5 a\u00f1os y personas mayores donde se obtuvieron las coberturas m\u00e1s bajas en el a\u00f1o 2025. Con respecto a las articulaciones, estamos coordinados como sector salud para continuar potenciando esta campa\u00f1a a nivel regional\u201d expres\u00f3 Sergio Ripoll, Director (S) del Servicio de Salud Atacama.<\/span><\/p>\n<p class=\"western\" lang=\"es-ES\" align=\"justify\"><span lang=\"es-CL\">Con respecto a la Influenza, en el a\u00f1o 2025 se alcanz\u00f3 una cobertura de un 78.7% a nivel pa\u00eds y de regi\u00f3n un 75.9%. Los grupos con las coberturas m\u00e1s bajas durante el a\u00f1o 2025 fueron ni\u00f1os y ni\u00f1as de 6 meses a 5 a\u00f1os y personas mayores de 60 a\u00f1os, grupos en edades extremas que tiene m\u00e1s probabilidades de enfermar gravemente.<\/span><\/p>\n<p class=\"western\" lang=\"es-ES\" align=\"justify\"><span lang=\"es-CL\">Por otro lado, la inmunizaci\u00f3n con Nirsevimab est\u00e1 dirigida a prevenir enfermedad grave causada por el Virus Respiratorio Sincicial (VRS), principal agente de infecciones respiratorias bajas graves en lactantes. Durante la campa\u00f1a 2025 se super\u00f3 la meta nacional del 80%, sin registrarse defunciones asociadas a VRS en la poblaci\u00f3n objetivo. Como regi\u00f3n de Atacama la cobertura alcanzada durante el 2025 en Lactantes fue de un 92.8% y en Reci\u00e9n Nacidos de un 98%.<\/span><\/p>\n<div class=\"code-block code-block-5\">\n<div id=\"sas_99435\"><\/div>\n<\/div>\n<p class=\"western\" lang=\"es-ES\" align=\"justify\">\u201c<span lang=\"es-CL\">Nuestro Hospital de Copiap\u00f3 se ha destacado por hacer una intensa campa\u00f1a. Chile tiene un sistema de vacunaci\u00f3n muy robusto con altas coberturas y un sistema de protecci\u00f3n alto con respecto a otros pa\u00edses de Latinoam\u00e9rica. Esto es motivo de orgullo, y nuestro principal llamado como Hospital de Copiap\u00f3 es a los funcionarios y funcionarias de atenci\u00f3n abierta, cerrada y todas las unidades de apoyo para vacunarse contra la influenza. Por otro lado, hacemos un llamado a los padres, madres y tutores para inocular a sus lactantes con Nirsevimab, este anticuerpo monoclonal que es otro motivo de orgullo. Hemos salido en publicaciones internacionales y recordemos que el a\u00f1o pasado no hubo muertes por lo que es fundamental la inmunizaci\u00f3n. Este medicamento ha cambiado a bien las campa\u00f1as de invierno, disminuye la morbimortalidad, el riesgo de una consulta en urgencia, el riesgo de hospitalizaci\u00f3n y finalmente el riesgo a morir\u201d detall\u00f3 la Directora (S) del Hospital de Copiap\u00f3, Dra. Consuelo Hinojosa.<\/span><\/p>\n<p class=\"western\" lang=\"es-ES\" align=\"justify\"><span lang=\"es-CL\">El Dr. Alejandro Aguirre, Subdirector T\u00e9cnico de la Direcci\u00f3n de Salud Municipal de Copiap\u00f3 manifest\u00f3 que: \u201ccomo representante de la Atenci\u00f3n Primaria somos parte de la campa\u00f1a como todos los a\u00f1os. Nuestro objetivo es fortalecer los lazos y articular la Red Asistencial y con nuestros centros de salud correspondientes. Estamos programando operativos en terreno, visitas a colegios y todo lo mancomunado entre servicio y servicio de salud.<\/span><\/p>\n<p class=\"western\" lang=\"es-ES\" align=\"justify\"><span lang=\"es-CL\">Finalmente, desde el sector salud se hace un llamado a todas las personas pertenecientes a los grupos objetivo de Influenza a acudir oportunamente a su CESFAM m\u00e1s cercano. La vacunaci\u00f3n es gratuita, segura y constituye la principal herramienta para prevenir enfermedad grave, hospitalizaciones y fallecimientos asociados a influenza.<\/span><\/p>\n<p class=\"western\" lang=\"es-ES\" align=\"justify\"><span lang=\"es-CL\">Cabe destacar que la poblaci\u00f3n objetivo para Influenza este a\u00f1o 2026 corresponde a:<\/span><\/p>\n<p class=\"western\" lang=\"es-ES\" align=\"justify\">\u2022\u200b<span lang=\"es-CL\">Personal de salud (p\u00fablico, privado, independiente y estudiantes en atenci\u00f3n directa).<\/span><\/p>\n<p class=\"western\" lang=\"es-ES\" align=\"justify\">\u2022\u200b<span lang=\"es-CL\">Personas de 60 a\u00f1os y m\u00e1s.<\/span><\/p>\n<p class=\"western\" lang=\"es-ES\" align=\"justify\">\u2022\u200b<span lang=\"es-CL\">Personas entre 11 y 59 a\u00f1os con patolog\u00edas cr\u00f3nicas.<\/span><\/p>\n<p class=\"western\" lang=\"es-ES\" align=\"justify\">\u2022\u200b<span lang=\"es-CL\">Gestantes en cualquier etapa del embarazo.<\/span><\/p>\n<p class=\"western\" lang=\"es-ES\" align=\"justify\">\u2022\u200b<span lang=\"es-CL\">Lactantes desde los 6 meses y escolares hasta 5\u00b0 a\u00f1o b\u00e1sico.<\/span><\/p>\n<p class=\"western\" lang=\"es-ES\" align=\"justify\">\u2022\u200b<span lang=\"es-CL\">Estrategia capullo para familiares de:<\/span><\/p>\n<p class=\"western\" lang=\"es-ES\" align=\"justify\">\u2022\u200b<span lang=\"es-CL\">Lactantes prematuros &lt;37 semanas.<\/span><\/p>\n<p class=\"western\" lang=\"es-ES\" align=\"justify\">\u2022<span lang=\"es-CL\">Lactantes inmunosuprimidos menores de 6 meses.<\/span><\/p>\n<p class=\"western\" lang=\"es-ES\" align=\"justify\">\u2022\u200b<span lang=\"es-CL\">Docentes y asistentes de educaci\u00f3n hasta 8\u00b0 a\u00f1o b\u00e1sico.<\/span><\/p>\n<p class=\"western\" lang=\"es-ES\" align=\"justify\">\u2022\u200b<span lang=\"es-CL\">Cuidadores de adultos mayores y funcionarios de ELEAM.<\/span><\/p>\n<p class=\"western\" lang=\"es-ES\" align=\"justify\">\u2022\u200b<span lang=\"es-CL\">Trabajadores de av\u00edcolas, ganaderas y criaderos de cerdos.<\/span><\/p>\n<p class=\"western\" lang=\"es-ES\" align=\"justify\"><span lang=\"es-CL\">En la estrategia capullo podr\u00e1n vacunarse padres, madres y\/o cuidadores con contacto directo y permanente con el lactante.<\/span><\/p>\n","protected":false},"excerpt":{"rendered":"<p>Autoridades regionales llegaron hasta el Hospital Regional de Copiap\u00f3 con el objetivo de dar inicio a la Estrategia de Vacunaci\u00f3n e Inmunizaciones 2026, que incluye&hellip; <\/p>\n","protected":false},"author":7,"featured_media":96695,"comment_status":"closed","ping_status":"closed","sticky":false,"template":"","format":"standard","meta":{"footnotes":""},"categories":[38],"tags":[],"class_list":["post-99063","post","type-post","status-publish","format-standard","has-post-thumbnail","hentry","category-portada-regional"],"_links":{"self":[{"href":"https:\/\/www.radioamigavallenar.cl\/index.php?rest_route=\/wp\/v2\/posts\/99063","targetHints":{"allow":["GET"]}}],"collection":[{"href":"https:\/\/www.radioamigavallenar.cl\/index.php?rest_route=\/wp\/v2\/posts"}],"about":[{"href":"https:\/\/www.radioamigavallenar.cl\/index.php?rest_route=\/wp\/v2\/types\/post"}],"author":[{"embeddable":true,"href":"https:\/\/www.radioamigavallenar.cl\/index.php?rest_route=\/wp\/v2\/users\/7"}],"replies":[{"embeddable":true,"href":"https:\/\/www.radioamigavallenar.cl\/index.php?rest_route=%2Fwp%2Fv2%2Fcomments&post=99063"}],"version-history":[{"count":1,"href":"https:\/\/www.radioamigavallenar.cl\/index.php?rest_route=\/wp\/v2\/posts\/99063\/revisions"}],"predecessor-version":[{"id":99064,"href":"https:\/\/www.radioamigavallenar.cl\/index.php?rest_route=\/wp\/v2\/posts\/99063\/revisions\/99064"}],"wp:featuredmedia":[{"embeddable":true,"href":"https:\/\/www.radioamigavallenar.cl\/index.php?rest_route=\/wp\/v2\/media\/96695"}],"wp:attachment":[{"href":"https:\/\/www.radioamigavallenar.cl\/index.php?rest_route=%2Fwp%2Fv2%2Fmedia&parent=99063"}],"wp:term":[{"taxonomy":"category","embeddable":true,"href":"https:\/\/www.radioamigavallenar.cl\/index.php?rest_route=%2Fwp%2Fv2%2Fcategories&post=99063"},{"taxonomy":"post_tag","embeddable":true,"href":"https:\/\/www.radioamigavallenar.cl\/index.php?rest_route=%2Fwp%2Fv2%2Ftags&post=99063"}],"curies":[{"name":"wp","href":"https:\/\/api.w.org\/{rel}","templated":true}]}}