{"id":99058,"date":"2026-03-02T12:25:25","date_gmt":"2026-03-02T15:25:25","guid":{"rendered":"https:\/\/www.radioamigavallenar.cl\/?p=99058"},"modified":"2026-03-02T12:25:25","modified_gmt":"2026-03-02T15:25:25","slug":"boric-emplaza-al-congreso-saquemos-el-proyecto-de-sala-cuna-esta-semana","status":"publish","type":"post","link":"https:\/\/www.radioamigavallenar.cl\/?p=99058","title":{"rendered":"Boric emplaza al Congreso: \u00abSaquemos el proyecto de Sala Cuna esta semana\u00bb"},"content":{"rendered":"<p>En el marco de la inauguraci\u00f3n del a\u00f1o escolar 2026 en el\u00a0Archipi\u00e9lago Juan Fern\u00e1ndez, el\u00a0<strong>Presidente Gabriel Boric llam\u00f3 al Congreso a sacar el\u00a0proyecto de Sala Cuna\u00a0esta misma semana<\/strong>, aprovechando los\u00a0<strong>\u00faltimos d\u00edas de esta Legislatura<\/strong>.<\/p>\n<p>\u00abQuiero hacer un llamado al Parlamento, y en particular a la oposici\u00f3n, con mucho respeto: tenemos la posibilidad de sacar Sala Cuna, porque tenemos un acuerdo en los aspectos t\u00e9cnicos. No partamos de cero en esto,\u00a0<strong>saquemos el proyecto de Sala Cuna para Chile esta semana. Se puede, depende de la voluntad pol\u00edtica. Esto no es un gallito entre oposici\u00f3n y Gobierno<\/strong>: es por Chile, por las mujeres y los ni\u00f1os de Chile\u00bb, enfatiz\u00f3 el Mandatario durante su\u00a0discurso de este lunes.<\/p>\n<p>Tal como ha reconocido en otras ocasiones, Boric admiti\u00f3 que \u00ab<strong>seguramente le tocar\u00e1 promulgarlo y firmarlo al pr\u00f3ximo Gobierno<\/strong>\u00a0si es que salimos adelante (pero)\u00a0<strong>a m\u00ed me interesa que salga, no me interesa la foto<\/strong>\u00ab.<\/p>\n<p><strong>Desde la UDI<\/strong>, cuyo senador Gustavo Sanhueza dirige la Comisi\u00f3n de Educaci\u00f3n que revisa la iniciativa en la C\u00e1mara Alta,\u00a0<strong>respondieron al Mandatario que no se ha consensuado nada sobre este tema<\/strong>\u00a0con sus parlamentarios.<\/p>\n<p>A su vez, el\u00a0<strong>diputado Guillermo Ram\u00edrez, timonel del gremialismo<\/strong>, asever\u00f3 en\u00a0<em>La Tercera<\/em>\u00a0que\u00a0<strong>es\u00a0imposible sacar este proyecto en 10 d\u00edas<\/strong>, sobre todo en vista de ciertas indicaciones que -seg\u00fan su relato- el Ejecutivo entreg\u00f3 a \u00faltima hora en enero.<\/p>\n<p>Por lo dem\u00e1s,\u00a0<strong>acus\u00f3 que la Administraci\u00f3n Boric ha sido hostil al tratar de instalar<\/strong>\u00a0p\u00fablicamente que\u00a0<strong>no se ha avanzado en esta normativa\u00a0por culpa de la UDI<\/strong>.<\/p>\n","protected":false},"excerpt":{"rendered":"<p>En el marco de la inauguraci\u00f3n del a\u00f1o escolar 2026 en el\u00a0Archipi\u00e9lago Juan Fern\u00e1ndez, el\u00a0Presidente Gabriel Boric llam\u00f3 al Congreso a sacar el\u00a0proyecto de Sala&hellip; <\/p>\n","protected":false},"author":7,"featured_media":97655,"comment_status":"closed","ping_status":"closed","sticky":false,"template":"","format":"standard","meta":{"footnotes":""},"categories":[37],"tags":[],"class_list":["post-99058","post","type-post","status-publish","format-standard","has-post-thumbnail","hentry","category-nacional"],"_links":{"self":[{"href":"https:\/\/www.radioamigavallenar.cl\/index.php?rest_route=\/wp\/v2\/posts\/99058","targetHints":{"allow":["GET"]}}],"collection":[{"href":"https:\/\/www.radioamigavallenar.cl\/index.php?rest_route=\/wp\/v2\/posts"}],"about":[{"href":"https:\/\/www.radioamigavallenar.cl\/index.php?rest_route=\/wp\/v2\/types\/post"}],"author":[{"embeddable":true,"href":"https:\/\/www.radioamigavallenar.cl\/index.php?rest_route=\/wp\/v2\/users\/7"}],"replies":[{"embeddable":true,"href":"https:\/\/www.radioamigavallenar.cl\/index.php?rest_route=%2Fwp%2Fv2%2Fcomments&post=99058"}],"version-history":[{"count":1,"href":"https:\/\/www.radioamigavallenar.cl\/index.php?rest_route=\/wp\/v2\/posts\/99058\/revisions"}],"predecessor-version":[{"id":99059,"href":"https:\/\/www.radioamigavallenar.cl\/index.php?rest_route=\/wp\/v2\/posts\/99058\/revisions\/99059"}],"wp:featuredmedia":[{"embeddable":true,"href":"https:\/\/www.radioamigavallenar.cl\/index.php?rest_route=\/wp\/v2\/media\/97655"}],"wp:attachment":[{"href":"https:\/\/www.radioamigavallenar.cl\/index.php?rest_route=%2Fwp%2Fv2%2Fmedia&parent=99058"}],"wp:term":[{"taxonomy":"category","embeddable":true,"href":"https:\/\/www.radioamigavallenar.cl\/index.php?rest_route=%2Fwp%2Fv2%2Fcategories&post=99058"},{"taxonomy":"post_tag","embeddable":true,"href":"https:\/\/www.radioamigavallenar.cl\/index.php?rest_route=%2Fwp%2Fv2%2Ftags&post=99058"}],"curies":[{"name":"wp","href":"https:\/\/api.w.org\/{rel}","templated":true}]}}