{"id":99055,"date":"2026-03-02T12:22:37","date_gmt":"2026-03-02T15:22:37","guid":{"rendered":"https:\/\/www.radioamigavallenar.cl\/?p=99055"},"modified":"2026-03-02T12:22:37","modified_gmt":"2026-03-02T15:22:37","slug":"criteria-amplio-apoyo-a-recortar-funcionarios-publicos-pero-rechaza-bajar-bonos-y-programas-sociales","status":"publish","type":"post","link":"https:\/\/www.radioamigavallenar.cl\/?p=99055","title":{"rendered":"Criteria: Amplio apoyo a recortar funcionarios p\u00fablicos, pero rechaza bajar bonos y programas sociales"},"content":{"rendered":"<p>La \u00faltima\u00a0<a href=\"https:\/\/www.criteria.cl\/\" target=\"_blank\" rel=\"noopener\">Agenda Criteria<\/a>\u00a0revel\u00f3 que la mayor\u00eda de los encuestados comparte la idea de que\u00a0<strong>es posible ajustar el gasto del Estado sin perjudicar los beneficios sociales,<\/strong>\u00a0en l\u00ednea con lo planteado por el presidente electo Jos\u00e9 Antonio Kast.<\/p>\n<p>De acuerdo al sondeo \u2014aplicado entre el 24 y el 26 de febrero a 1.008 personas a nivel nacional\u2014\u00a0<strong>un 54% declara estar de acuerdo con la afirmaci\u00f3n de Kast respecto de que es posible reducir significativamente el gasto p\u00fablico sin afectar los beneficios sociales.<\/strong>\u00a0En tanto, un 25% se mantiene neutral y un 21% est\u00e1 en desacuerdo.<\/p>\n<p>En coherencia con lo anterior,\u00a0<strong>un 56% considera que s\u00ed es posible disminuir el gasto fiscal\u00a0<\/strong>para reducir la deuda del Estado sin que ello impacte la calidad de los beneficios que entrega el Estado de Chile, mientras que un 28% se muestra neutral y un 16% rechaza esa idea.<\/p>\n<figure id=\"attachment_6749540\" class=\"wp-caption alignnone\" aria-describedby=\"caption-attachment-6749540\"><img loading=\"lazy\" decoding=\"async\" class=\"size-full wp-image-6749540\" src=\"https:\/\/media.biobiochile.cl\/wp-content\/uploads\/2026\/03\/reduccion-gasto-publico.png\" alt=\"Criteria: Amplio apoyo a recortar funcionarios p\u00fablicos, pero rechaza bajar bonos y programas sociales\" width=\"844\" height=\"463\" \/><\/figure>\n<p>Las cifras se dan en un contexto donde predomina una visi\u00f3n cr\u00edtica sobre la administraci\u00f3n de los recursos p\u00fablicos:<strong>\u00a0un 64% se\u00f1ala sentirse m\u00e1s identificado con la frase \u201cel Estado gasta recursos de forma m\u00e1s bien ineficiente\u201d,<\/strong>\u00a0frente a solo un 16% que cree que estos se utilizan de manera eficiente. Un 20% declara no tener una posici\u00f3n clara al respecto.<\/p>\n<h2 style=\"text-align: center;\">Criteria: Urgencia y mecanismos para la reducci\u00f3n del gasto fiscal<\/h2>\n<p>Pese a la amplia percepci\u00f3n de ineficiencia, la urgencia de aplicar recortes divide opiniones.\u00a0<strong>Un 45% est\u00e1 en desacuerdo con que sea urgente reducir la deuda y el gasto del Estado aunque ello afecte beneficios sociales,<\/strong>\u00a0mientras que un 25% s\u00ed considera que se trata de una prioridad. El 30% restante se mantiene en una posici\u00f3n intermedia.<\/p>\n<p>En cuanto a las f\u00f3rmulas para ajustar el gasto, el respaldo se concentra en medidas asociadas al empleo p\u00fablico.\u00a0<strong>Un 60% est\u00e1 de acuerdo con reducir el n\u00famero de funcionarios y un 56% apoya bajar los sueldos en el sector p\u00fablico.<\/strong><\/p>\n<figure id=\"attachment_6749536\" class=\"wp-caption alignnone\" aria-describedby=\"caption-attachment-6749536\"><img loading=\"lazy\" decoding=\"async\" class=\"size-full wp-image-6749536\" src=\"https:\/\/media.biobiochile.cl\/wp-content\/uploads\/2026\/03\/urgencia-reducir-gasto-publico.png\" alt=\"Criteria: Amplio apoyo a recortar funcionarios p\u00fablicos, pero rechaza bajar bonos y programas sociales\" width=\"846\" height=\"444\" \/><\/figure>\n<p>En contraste, existe bajo apoyo a recortes directos a la ciudadan\u00eda: solo un 13% respalda disminuir bonos y subsidios, y apenas un 9%, reducir el presupuesto destinado a programas sociales. Ambas alternativas concentran amplias mayor\u00edas en desacuerdo.<\/p>\n<h2 style=\"text-align: center;\">Evaluaci\u00f3n presidencial y de gobierno<\/h2>\n<p>En paralelo, la aprobaci\u00f3n del\u00a0<strong>presidente Gabriel Boric<\/strong>\u00a0sube un punto y alcanza el 33%, mientras que su desaprobaci\u00f3n baja dos puntos, situ\u00e1ndose en 58%.<\/p>\n<p>La evaluaci\u00f3n del gobierno se mantiene estable: la aprobaci\u00f3n llega a 32% (un punto m\u00e1s que en la medici\u00f3n anterior) y la desaprobaci\u00f3n permanece en 60%.<\/p>\n<figure id=\"attachment_6749543\" class=\"wp-caption alignnone\" aria-describedby=\"caption-attachment-6749543\"><img loading=\"lazy\" decoding=\"async\" class=\"size-full wp-image-6749543\" src=\"https:\/\/media.biobiochile.cl\/wp-content\/uploads\/2026\/03\/aprobacion-boric.png\" alt=\"Criteria: Amplio apoyo a recortar funcionarios p\u00fablicos, pero rechaza bajar bonos y programas sociales\" width=\"849\" height=\"451\" \/><\/figure>\n<h2 style=\"text-align: center;\">Evaluaci\u00f3n del gobierno entrante<\/h2>\n<p>Respecto al mandatario electo, un 48% aprueba la forma en que\u00a0<strong>Jos\u00e9 Antonio Kast<\/strong> est\u00e1 preparando su gobierno, lo que representa un alza de tres puntos en comparaci\u00f3n con la medici\u00f3n previa.<\/p>\n<p>En tanto, un 33% desaprueba su preparaci\u00f3n \u2014un punto menos que en febrero\u2014 y un 19% declara no tener una opini\u00f3n formada.<\/p>\n<figure id=\"attachment_6749546\" class=\"wp-caption alignnone\" aria-describedby=\"caption-attachment-6749546\"><img loading=\"lazy\" decoding=\"async\" class=\"size-full wp-image-6749546\" src=\"https:\/\/media.biobiochile.cl\/wp-content\/uploads\/2026\/03\/evaluacion-gobierno-entrante.png\" alt=\"Criteria: Amplio apoyo a recortar funcionarios p\u00fablicos, pero rechaza bajar bonos y programas sociales\" width=\"848\" height=\"456\" \/><figcaption id=\"caption-attachment-6749546\" class=\"wp-caption-text\"><\/figcaption><\/figure>\n","protected":false},"excerpt":{"rendered":"<p>La \u00faltima\u00a0Agenda Criteria\u00a0revel\u00f3 que la mayor\u00eda de los encuestados comparte la idea de que\u00a0es posible ajustar el gasto del Estado sin perjudicar los beneficios sociales,\u00a0en&hellip; <\/p>\n","protected":false},"author":7,"featured_media":99056,"comment_status":"closed","ping_status":"closed","sticky":false,"template":"","format":"standard","meta":{"footnotes":""},"categories":[37],"tags":[],"class_list":["post-99055","post","type-post","status-publish","format-standard","has-post-thumbnail","hentry","category-nacional"],"_links":{"self":[{"href":"https:\/\/www.radioamigavallenar.cl\/index.php?rest_route=\/wp\/v2\/posts\/99055","targetHints":{"allow":["GET"]}}],"collection":[{"href":"https:\/\/www.radioamigavallenar.cl\/index.php?rest_route=\/wp\/v2\/posts"}],"about":[{"href":"https:\/\/www.radioamigavallenar.cl\/index.php?rest_route=\/wp\/v2\/types\/post"}],"author":[{"embeddable":true,"href":"https:\/\/www.radioamigavallenar.cl\/index.php?rest_route=\/wp\/v2\/users\/7"}],"replies":[{"embeddable":true,"href":"https:\/\/www.radioamigavallenar.cl\/index.php?rest_route=%2Fwp%2Fv2%2Fcomments&post=99055"}],"version-history":[{"count":1,"href":"https:\/\/www.radioamigavallenar.cl\/index.php?rest_route=\/wp\/v2\/posts\/99055\/revisions"}],"predecessor-version":[{"id":99057,"href":"https:\/\/www.radioamigavallenar.cl\/index.php?rest_route=\/wp\/v2\/posts\/99055\/revisions\/99057"}],"wp:featuredmedia":[{"embeddable":true,"href":"https:\/\/www.radioamigavallenar.cl\/index.php?rest_route=\/wp\/v2\/media\/99056"}],"wp:attachment":[{"href":"https:\/\/www.radioamigavallenar.cl\/index.php?rest_route=%2Fwp%2Fv2%2Fmedia&parent=99055"}],"wp:term":[{"taxonomy":"category","embeddable":true,"href":"https:\/\/www.radioamigavallenar.cl\/index.php?rest_route=%2Fwp%2Fv2%2Fcategories&post=99055"},{"taxonomy":"post_tag","embeddable":true,"href":"https:\/\/www.radioamigavallenar.cl\/index.php?rest_route=%2Fwp%2Fv2%2Ftags&post=99055"}],"curies":[{"name":"wp","href":"https:\/\/api.w.org\/{rel}","templated":true}]}}