{"id":99052,"date":"2026-03-02T11:14:50","date_gmt":"2026-03-02T14:14:50","guid":{"rendered":"https:\/\/www.radioamigavallenar.cl\/?p=99052"},"modified":"2026-03-02T11:14:50","modified_gmt":"2026-03-02T14:14:50","slug":"corte-de-apelaciones-de-santiago-ordena-embargo-por-mas-de-314-millones-de-pesos-en-contra-de-agricola-ligada-al-senador-rafael-prohens-rn","status":"publish","type":"post","link":"https:\/\/www.radioamigavallenar.cl\/?p=99052","title":{"rendered":"Corte de Apelaciones de Santiago ordena embargo por m\u00e1s de $314 millones de pesos en contra de agr\u00edcola ligada al Senador Rafael Prohens (RN)"},"content":{"rendered":"<p data-pm-slice=\"1 1 []\">Nuevamente, el Senador de Atacama\u00a0<strong>Rafael Prohens (RN)<\/strong>\u00a0se encuentra envuelto en un esc\u00e1ndalo con la justicia.<\/p>\n<p>Esta vez se hace alusi\u00f3n a un mandamiento de ejecuci\u00f3n de embargo por m\u00e1s de $314 millones de pesos, dictado en noviembre de 2024, por la Corte de Apelaciones de Santiago.<\/p>\n<p>De acuerdo al Diario Atacama, esto dio origen a una serie de actuaciones judiciales que, durante el a\u00f1o 2025, se extender\u00edan hasta la comuna de Copiap\u00f3.<\/p>\n<p>Seg\u00fan el citado medio, esto hace referencia a una causa judicial del\u00a0<strong>Banco Ita\u00fa Chile S.A.<\/strong>\u00a0en contra de la\u00a0<strong>Agr\u00edcola Do\u00f1a Berta Limitada<\/strong>, representada legalmente por\u00a0<strong>Carolina Prohens Garc\u00eda<\/strong>\u00a0y el Senador\u00a0<strong>Rafael Prohens Espinoza<\/strong>\u00a0en calidad de deudores solidarios.<\/p>\n<p>De acuerdo a la demanda, el banco solicit\u00f3 el despacho del mandamiento de ejecuci\u00f3n y embargo, con el capital endeudado, m\u00e1s reajustes, intereses y costas.<\/p>\n<p>Esta acci\u00f3n judicial que vive Prohens no es su \u00fanico roce con la justicia; recordemos que el Senador est\u00e1 cuestionado por una causa judicial en contra del ex Intendente\u00a0<strong>Francisco S\u00e1nchez (RN)<\/strong>, acusado de presunto fraude en contra de la\u00a0<strong>minera Atacama Kozan<\/strong>.<\/p>\n<p>A su vez, Prohens fue acusado por la empresa\u00a0<strong>Confinor S.A.<\/strong>\u00a0por el presunto delito de cohecho agravado en el segundo gobierno de\u00a0<strong>Sebasti\u00e1n Pi\u00f1era<\/strong>.<\/p>\n<p>Esta situaci\u00f3n de eventuales problemas de liquidez del Senador tambi\u00e9n habr\u00eda afectado el pago de sus contribuciones.\u00a0 De acuerdo con un reportaje de CHV Noticias de abril del 2025, en donde se afirmaba que hab\u00eda 22 diputados y 15 senadores que ten\u00edan contribuciones vencidas por al menos una de sus propiedades. En donde Prohens deb\u00eda $2 millones de pesos por 3 inmuebles.\u00a0 Ante esta situaci\u00f3n, el Senador se refiri\u00f3 a este hecho aludiendo que: \u00abno he tenido c\u00f3mo pagarla\u00bb.<\/p>\n<p>Actualmente, Prohens perdi\u00f3 la reelecci\u00f3n a su cargo de senador por Atacama, por lo cual no tendr\u00eda fuero senatorial para enfrentar futuras acciones judiciales en su contra.<\/p>\n<p>Adem\u00e1s, se encuentra en la lista del presidente electo\u00a0<strong>Jos\u00e9 Antonio Kast<\/strong>\u00a0(Republicano) para asumir como embajador de\u00a0<strong>Costa Rica<\/strong>.<\/p>\n","protected":false},"excerpt":{"rendered":"<p>Nuevamente, el Senador de Atacama\u00a0Rafael Prohens (RN)\u00a0se encuentra envuelto en un esc\u00e1ndalo con la justicia. Esta vez se hace alusi\u00f3n a un mandamiento de ejecuci\u00f3n&hellip; <\/p>\n","protected":false},"author":7,"featured_media":99053,"comment_status":"closed","ping_status":"closed","sticky":false,"template":"","format":"standard","meta":{"footnotes":""},"categories":[38],"tags":[],"class_list":["post-99052","post","type-post","status-publish","format-standard","has-post-thumbnail","hentry","category-portada-regional"],"_links":{"self":[{"href":"https:\/\/www.radioamigavallenar.cl\/index.php?rest_route=\/wp\/v2\/posts\/99052","targetHints":{"allow":["GET"]}}],"collection":[{"href":"https:\/\/www.radioamigavallenar.cl\/index.php?rest_route=\/wp\/v2\/posts"}],"about":[{"href":"https:\/\/www.radioamigavallenar.cl\/index.php?rest_route=\/wp\/v2\/types\/post"}],"author":[{"embeddable":true,"href":"https:\/\/www.radioamigavallenar.cl\/index.php?rest_route=\/wp\/v2\/users\/7"}],"replies":[{"embeddable":true,"href":"https:\/\/www.radioamigavallenar.cl\/index.php?rest_route=%2Fwp%2Fv2%2Fcomments&post=99052"}],"version-history":[{"count":1,"href":"https:\/\/www.radioamigavallenar.cl\/index.php?rest_route=\/wp\/v2\/posts\/99052\/revisions"}],"predecessor-version":[{"id":99054,"href":"https:\/\/www.radioamigavallenar.cl\/index.php?rest_route=\/wp\/v2\/posts\/99052\/revisions\/99054"}],"wp:featuredmedia":[{"embeddable":true,"href":"https:\/\/www.radioamigavallenar.cl\/index.php?rest_route=\/wp\/v2\/media\/99053"}],"wp:attachment":[{"href":"https:\/\/www.radioamigavallenar.cl\/index.php?rest_route=%2Fwp%2Fv2%2Fmedia&parent=99052"}],"wp:term":[{"taxonomy":"category","embeddable":true,"href":"https:\/\/www.radioamigavallenar.cl\/index.php?rest_route=%2Fwp%2Fv2%2Fcategories&post=99052"},{"taxonomy":"post_tag","embeddable":true,"href":"https:\/\/www.radioamigavallenar.cl\/index.php?rest_route=%2Fwp%2Fv2%2Ftags&post=99052"}],"curies":[{"name":"wp","href":"https:\/\/api.w.org\/{rel}","templated":true}]}}