{"id":99050,"date":"2026-03-02T10:02:49","date_gmt":"2026-03-02T13:02:49","guid":{"rendered":"https:\/\/www.radioamigavallenar.cl\/?p=99050"},"modified":"2026-03-02T10:02:49","modified_gmt":"2026-03-02T13:02:49","slug":"andes-iron-presenta-recurso-de-reclamacion-ante-justicia-ambiental-para-impugnar-rechazo-ilegal-del-comite-de-ministros","status":"publish","type":"post","link":"https:\/\/www.radioamigavallenar.cl\/?p=99050","title":{"rendered":"Andes Iron presenta recurso de reclamaci\u00f3n ante Justicia Ambiental para impugnar rechazo ilegal del Comit\u00e9 de Ministros"},"content":{"rendered":"<p>Andes Iron interpuso un recurso de reclamaci\u00f3n ante el Primer Tribunal Ambiental de Antofagasta con el objeto de impugnar la decisi\u00f3n del Comit\u00e9 de Ministros que, en enero de 2025, rechaz\u00f3 el proyecto Dominga sobre la base de consideraciones relativas a la algarrobilla, el pacul y el plan de contingencias ante derrames. Todos esos aspectos no son nuevos, ya que hab\u00edan sido analizados y zanjados en el proceso de evaluaci\u00f3n ambiental y no formaron parte de las reclamaciones sometidas a su conocimiento de dicho Comit\u00e9.<\/p>\n<p>El recurso presentado busca restablecer la legalidad del procedimiento y asegurar el cumplimiento de lo ya resuelto por las instancias t\u00e9cnicas y judiciales competentes, cuyos fundamentos permanecen plenamente vigentes. El Comit\u00e9 de Ministros no tiene competencias para reabrir materias que ya han sido evaluadas durante el proceso de calificaci\u00f3n ambiental ni incorporar fundamentos que no formaban parte de las reclamaciones originalmente presentadas. Reintroducir nuevas causales como si se tratara de antecedentes nuevos representa una clara vulneraci\u00f3n a principios elementales del derecho administrativo, tales como la congruencia, la seguridad jur\u00eddica y la prohibici\u00f3n de desviaci\u00f3n de poder.<\/p>\n<p>Adem\u00e1s, el fallo del Primer Tribunal Ambiental de diciembre de 2024 estableci\u00f3 par\u00e1metros claros respecto del alcance del nuevo pronunciamiento que deb\u00eda emitir el Comit\u00e9 de Ministros. Dicho \u00f3rgano no estaba habilitado para efectuar una nueva revisi\u00f3n integral del proyecto, sino para resolver dentro de los l\u00edmites fijados por la sentencia.<\/p>\n<p>Cabe destacar que el proyecto cuenta con un Informe Consolidado de Evaluaci\u00f3n que concluy\u00f3 su cumplimiento con la normativa ambiental vigente, y que las instancias t\u00e9cnicas especializadas validaron sus medidas de mitigaci\u00f3n, compensaci\u00f3n y seguimiento. La controversia actual no versa sobre la suficiencia de esos antecedentes, sino sobre la legalidad de un acto administrativo que pretende reconfigurar ex post el alcance del proceso de evaluaci\u00f3n.<\/p>\n<p>Pedro Ducci, gerente general de Andes Iron, se\u00f1al\u00f3 que \u201cla justicia ambiental ha determinado que el Comit\u00e9 de Ministros del actual gobierno ha emitido dos pronunciamientos abiertamente ilegales, por lo cual estamos confiados en que nuevamente las instancias t\u00e9cnicas respaldar\u00e1n nuestro proyecto. Aqu\u00ed no hay una nueva discusi\u00f3n t\u00e9cnica; lo que est\u00e1 en juego es algo m\u00e1s b\u00e1sico: que se respeten las reglas del juego\u201d.<\/p>\n<p style=\"text-align: center;\"><strong>Recurso de queja ante la Corte Suprema<\/strong><\/p>\n<p>En paralelo, Andes Iron interpuso el jueves pasado un recurso de queja ante la Excma. Corte Suprema para revertir la sentencia dictada por la Corte de Apelaciones de Antofagasta el 20 de febrero de 2026, la cual anul\u00f3 el procedimiento de cumplimiento incidental seguido ante el Primer Tribunal Ambiental.<\/p>\n<p>La empresa estima que dicha resoluci\u00f3n impide ejecutar una sentencia firme y ejecutoriada vinculada al proyecto, afectando la certeza jur\u00eddica y la correcta aplicaci\u00f3n del derecho. Dominga no solicita privilegios ni excepciones, sino que se respeten las decisiones adoptadas por las autoridades t\u00e9cnicas y confirmadas por los tribunales.<\/p>\n<p>Cabe recordar que el Informe Consolidado de Evaluaci\u00f3n del proyecto concluy\u00f3 que el proyecto cumple con la normativa ambiental vigente; que la sentencia del Primer Tribunal Ambiental de diciembre de 2024 resolvi\u00f3 la controversia ambiental dentro de sus competencias; y que la Corte Suprema, en septiembre de 2025, cerr\u00f3 definitivamente ese debate. Esos antecedentes permiten enfrentar estas instancias con plena confianza en la solidez t\u00e9cnica y jur\u00eddica del proyecto.<\/p>\n<p>Previo a estas \u00faltimas resoluciones, Dominga avanzaba en la obtenci\u00f3n de permisos sectoriales necesarios para declarar el hito de construcci\u00f3n durante el primer semestre del a\u00f1o, etapa que proyecta generar aproximadamente 30.000 puestos de trabajo entre empleos directos e indirectos, y cerca de 10.000 en operaci\u00f3n, con prioridad para la Regi\u00f3n de Coquimbo.<\/p>\n<p>El proyecto contempla una inversi\u00f3n superior a US$ 2.500 millones, operar\u00e1 con agua de mar desalada y considera compartir este recurso con la comunidad en una zona afectada por la sequ\u00eda, bajo altos est\u00e1ndares ambientales y un compromiso permanente con La Higuera y la Regi\u00f3n de Coquimbo.<\/p>\n","protected":false},"excerpt":{"rendered":"<p>Andes Iron interpuso un recurso de reclamaci\u00f3n ante el Primer Tribunal Ambiental de Antofagasta con el objeto de impugnar la decisi\u00f3n del Comit\u00e9 de Ministros&hellip; <\/p>\n","protected":false},"author":7,"featured_media":72247,"comment_status":"closed","ping_status":"closed","sticky":false,"template":"","format":"standard","meta":{"footnotes":""},"categories":[38],"tags":[],"class_list":["post-99050","post","type-post","status-publish","format-standard","has-post-thumbnail","hentry","category-portada-regional"],"_links":{"self":[{"href":"https:\/\/www.radioamigavallenar.cl\/index.php?rest_route=\/wp\/v2\/posts\/99050","targetHints":{"allow":["GET"]}}],"collection":[{"href":"https:\/\/www.radioamigavallenar.cl\/index.php?rest_route=\/wp\/v2\/posts"}],"about":[{"href":"https:\/\/www.radioamigavallenar.cl\/index.php?rest_route=\/wp\/v2\/types\/post"}],"author":[{"embeddable":true,"href":"https:\/\/www.radioamigavallenar.cl\/index.php?rest_route=\/wp\/v2\/users\/7"}],"replies":[{"embeddable":true,"href":"https:\/\/www.radioamigavallenar.cl\/index.php?rest_route=%2Fwp%2Fv2%2Fcomments&post=99050"}],"version-history":[{"count":1,"href":"https:\/\/www.radioamigavallenar.cl\/index.php?rest_route=\/wp\/v2\/posts\/99050\/revisions"}],"predecessor-version":[{"id":99051,"href":"https:\/\/www.radioamigavallenar.cl\/index.php?rest_route=\/wp\/v2\/posts\/99050\/revisions\/99051"}],"wp:featuredmedia":[{"embeddable":true,"href":"https:\/\/www.radioamigavallenar.cl\/index.php?rest_route=\/wp\/v2\/media\/72247"}],"wp:attachment":[{"href":"https:\/\/www.radioamigavallenar.cl\/index.php?rest_route=%2Fwp%2Fv2%2Fmedia&parent=99050"}],"wp:term":[{"taxonomy":"category","embeddable":true,"href":"https:\/\/www.radioamigavallenar.cl\/index.php?rest_route=%2Fwp%2Fv2%2Fcategories&post=99050"},{"taxonomy":"post_tag","embeddable":true,"href":"https:\/\/www.radioamigavallenar.cl\/index.php?rest_route=%2Fwp%2Fv2%2Ftags&post=99050"}],"curies":[{"name":"wp","href":"https:\/\/api.w.org\/{rel}","templated":true}]}}